{"id":19718,"date":"2020-08-14T13:42:57","date_gmt":"2020-08-14T11:42:57","guid":{"rendered":"http:\/\/fup.gov.ba\/?p=19718"},"modified":"2020-09-11T15:35:43","modified_gmt":"2020-09-11T13:35:43","slug":"zadokumentovano-lice-zbog-izvrsenog-hakerskog-napada-na-informacioni-sistem-opcine-centar-i-utic-sarajevo","status":"publish","type":"post","link":"http:\/\/fup.gov.ba\/?p=19718","title":{"rendered":"ZADOKUMENTOVANO LICE ZBOG IZVR\u0160ENOG HAKERSKOG NAPADA NA INFORMACIONI SISTEM OP\u0106INE CENTAR I &#8220;UTIC&#8221; SARAJEVO"},"content":{"rendered":"<p>Policijski slu\u017ebenici Odsjeka za borbu protiv kompijuterskog kriminala Federalne uprave policije, su poduzimaju\u0107i mjere i radnje iz svoje nadle\u017enosti, pod nadzorom Kantonalnog tu\u017eila\u0161tva Kantona Sarajevo i u saradnji sa Europolom, identifikovali i zadokumentovali lice koje se sumnji\u010di da je po\u010dinilo krivi\u010dno djelo &#8220;O\u0161te\u0107enje ra\u010dunalnih podataka i programa&#8221; iz \u010dlana 393. Krivi\u010dnog Zakona Federacije Bosne i Hercegovine, na na\u010din da je dana 05. i 06.06.2020. godine izvr\u0161ilo hakerski napad na informacioni sistem Op\u0107ine Centar Sarajevo i &#8220;UTIC&#8221; Sarajevo.<\/p>\n<p>Naime, radi se <strong>dr\u017eavljaninu IR Irana inicijala<\/strong> <strong>R.N.G (1993.)<\/strong> koje je koriste\u0107i se znanjem i vje\u0161tinama iz oblasti informacionih tehnologija, te antiforenzi\u010dkom za\u0161titom, &#8220;VPN&#8221;; VPS&#8221;, sa lokacijama servera Republika Francuska, SR Njema\u010dka, Kraljevina Holandija, Finska, a koja internet konekcija je slu\u017eila svrsi prikrivanja stvarne lokacije sa koje se vr\u0161io internet napad, i to lokacije Chalus-Iran, (operater telekomunikacija IRANCELL-NET, Teheran), dana 05. i 06.06.2020. godine, posredstvom interneta, iskoristio &#8220;ranjivost&#8221; u informacionog sistema u vlasni\u0161tvu Op\u0107ine Centar Sarajevo, a potom nakon pribavljanja privilegija &#8220;legalnog&#8221; korisnika informacionog sistema, na navedenom sistemu neovla\u0161teno instalirao maliciozni ra\u010dunalni program pod nazivom &#8220;Sorena&#8221;. Osumnji\u010deni je navedeni program &#8220;Sorena&#8221; koristio za tzv.&#8221;kriptovanje&#8221; podataka na informacionom sistemu, te pojavu tzv. &#8220;ransom&#8221; poruke, koja je za sadr\u017eaj imala obilje\u017eja iznude, odnosno zahtjev za pla\u0107anje otkupnine za vr\u0161enje &#8220;dekripcije&#8221; na naprijed opisan na\u010din &#8220;kriptovanih&#8221; podataka.<\/p>\n<p>Tako\u0111e, &nbsp;dana 06.06.2020. godine, osumnji\u010deni je izvr\u0161io istovjetan internet napad i na informacioni sistem UTIC (Univerzitetski tele-informati\u010dki centar Sarajevo), koriste\u0107i maliciozni ra\u010dunalno program pod nazivom &#8220;Mamba&#8221;, kojom prilikom je kao instrukcije za pla\u0107anje i ostvarivanje komunikacije &#8220;\u017ertve&#8221; i &#8220;napada\u010da&#8221;, te na taj na\u010din onemogu\u0107io funkcionisanje informacionog sistema &#8220;UTIC&#8221; Sarajevo.<\/p>\n<p>Na opisani na\u010din je na \u0161tetu Op\u0107ine Centar Sarajevo i &#8220;UTIC&#8221; Sarajevo po\u010dinjena neutvr\u0111ena materijalna \u0161teta, koja se ogleda u vremenu potrebnom za vra\u0107anje informacionog sistema u prethodno ispravno stanje, kao i zastoju u radu op\u0107ine prilikom izdavanja Uvjerenja gra\u0111anima.<\/p>\n<p>Navedeni internet napad je u istom vremenu izvr\u0161en u smjeru informaicone infrastrukture u \u0160vicarskoj.<\/p>\n<p>Federalna uprava policije je protiv lica R.N.G (1993.) podnijela Kantonalnom tu\u017eila\u0161tvu Kantona Sarajevo Izvje\u0161taj o po\u010dinjenom krivi\u010dnom djelu, a o \u010demu \u0107e posredstvom Interpola biti obavje\u0161tene nadle\u017ene slu\u017ebe u IR Iranu, radi poduzimanja daljih aktivnosti u odnosu na osumnji\u010denog.<\/p>\n<p>FEDERALNA UPRAVA POLICIJE<\/p>\n","protected":false},"excerpt":{"rendered":"<p>Policijski slu\u017ebenici Odsjeka za borbu protiv kompijuterskog kriminala Federalne uprave policije, su poduzimaju\u0107i mjere i radnje iz svoje nadle\u017enosti, pod nadzorom Kantonalnog tu\u017eila\u0161tva Kantona Sarajevo i u saradnji sa Europolom, identifikovali i zadokumentovali lice koje se sumnji\u010di da je po\u010dinilo krivi\u010dno djelo &#8220;O\u0161te\u0107enje ra\u010dunalnih podataka i programa&#8221; iz \u010dlana 393. Krivi\u010dnog Zakona Federacije Bosne i &hellip;<\/p>\n<p class=\"read-more\"> <a class=\"\" href=\"http:\/\/fup.gov.ba\/?p=19718\"> <span class=\"screen-reader-text\">ZADOKUMENTOVANO LICE ZBOG IZVR\u0160ENOG HAKERSKOG NAPADA NA INFORMACIONI SISTEM OP\u0106INE CENTAR I &#8220;UTIC&#8221; SARAJEVO<\/span> Read More &raquo;<\/a><\/p>\n","protected":false},"author":5,"featured_media":19730,"comment_status":"closed","ping_status":"closed","sticky":false,"template":"","format":"standard","meta":{"spay_email":""},"categories":[81,6],"tags":[],"jetpack_featured_media_url":"http:\/\/fup.gov.ba\/wp-content\/uploads\/2020\/07\/mamba-ransomware-virus.jpg","_links":{"self":[{"href":"http:\/\/fup.gov.ba\/index.php?rest_route=\/wp\/v2\/posts\/19718"}],"collection":[{"href":"http:\/\/fup.gov.ba\/index.php?rest_route=\/wp\/v2\/posts"}],"about":[{"href":"http:\/\/fup.gov.ba\/index.php?rest_route=\/wp\/v2\/types\/post"}],"author":[{"embeddable":true,"href":"http:\/\/fup.gov.ba\/index.php?rest_route=\/wp\/v2\/users\/5"}],"replies":[{"embeddable":true,"href":"http:\/\/fup.gov.ba\/index.php?rest_route=%2Fwp%2Fv2%2Fcomments&post=19718"}],"version-history":[{"count":6,"href":"http:\/\/fup.gov.ba\/index.php?rest_route=\/wp\/v2\/posts\/19718\/revisions"}],"predecessor-version":[{"id":20308,"href":"http:\/\/fup.gov.ba\/index.php?rest_route=\/wp\/v2\/posts\/19718\/revisions\/20308"}],"wp:featuredmedia":[{"embeddable":true,"href":"http:\/\/fup.gov.ba\/index.php?rest_route=\/wp\/v2\/media\/19730"}],"wp:attachment":[{"href":"http:\/\/fup.gov.ba\/index.php?rest_route=%2Fwp%2Fv2%2Fmedia&parent=19718"}],"wp:term":[{"taxonomy":"category","embeddable":true,"href":"http:\/\/fup.gov.ba\/index.php?rest_route=%2Fwp%2Fv2%2Fcategories&post=19718"},{"taxonomy":"post_tag","embeddable":true,"href":"http:\/\/fup.gov.ba\/index.php?rest_route=%2Fwp%2Fv2%2Ftags&post=19718"}],"curies":[{"name":"wp","href":"https:\/\/api.w.org\/{rel}","templated":true}]}}