{"id":19736,"date":"2020-08-17T08:17:55","date_gmt":"2020-08-17T06:17:55","guid":{"rendered":"http:\/\/fup.gov.ba\/?p=19736"},"modified":"2020-08-17T08:17:55","modified_gmt":"2020-08-17T06:17:55","slug":"bilten-za-dan-15-16-08-2020-godine","status":"publish","type":"post","link":"http:\/\/fup.gov.ba\/?p=19736","title":{"rendered":"Bilten za dan 15\/16.08.2020. godine"},"content":{"rendered":"<p>Na osnovu izvje\u0161taja operativnih centara kantonalnih ministarstava unutarnjih poslova i Federalne uprave policije, tokom navedenog perioda na podru\u010dju Federacije BiH registrovano je:<\/p>\n<p><!--more--><\/p>\n<p><strong>37 krivi\u010dnih djela<\/strong> i to:<\/p>\n<ul>\n<li>jedno razbojni\u0161tvo;<\/li>\n<li>jedno razbojni\u0161tvo u poku\u0161aju;<\/li>\n<li>11 te\u0161kih kra\u0111a;<\/li>\n<li>tri nasilja u porodici;<\/li>\n<li>jedno izazivanje op\u0107e opasnosti;<\/li>\n<li>jedno o\u0161te\u0107enje tu\u0111e stvari;<\/li>\n<li>dva posjedovanja opojne droge;<\/li>\n<li>jedno nano\u0161enje lak\u0161ih tjelesnih povreda;<\/li>\n<li>16 ostalih krivi\u010dnih djela;<\/li>\n<\/ul>\n<p><strong>28 naru\u0161avanja javnog reda i mira<\/strong> u kojima je pet lica zadobilo lak\u0161e tjelesne povrede.<\/p>\n<p><strong>62 saobra\u0107ajne nezgode<\/strong>, u kojima su dva lica zadobila te\u0161ke, a 15 lica lak\u0161e tjelesne povrede, dok za \u0161est lica nije utvr\u0111en stepen povrede.<\/p>\n<p><strong>37 lica je li\u0161eno slobode, a 31 lice je zadr\u017eano<\/strong>.<\/p>\n","protected":false},"excerpt":{"rendered":"<p>Na osnovu izvje\u0161taja operativnih centara kantonalnih ministarstava unutarnjih poslova i Federalne uprave policije, tokom navedenog perioda na podru\u010dju Federacije BiH registrovano je:<\/p>\n","protected":false},"author":5,"featured_media":0,"comment_status":"closed","ping_status":"open","sticky":false,"template":"","format":"standard","meta":{"spay_email":""},"categories":[5],"tags":[],"jetpack_featured_media_url":"","_links":{"self":[{"href":"http:\/\/fup.gov.ba\/index.php?rest_route=\/wp\/v2\/posts\/19736"}],"collection":[{"href":"http:\/\/fup.gov.ba\/index.php?rest_route=\/wp\/v2\/posts"}],"about":[{"href":"http:\/\/fup.gov.ba\/index.php?rest_route=\/wp\/v2\/types\/post"}],"author":[{"embeddable":true,"href":"http:\/\/fup.gov.ba\/index.php?rest_route=\/wp\/v2\/users\/5"}],"replies":[{"embeddable":true,"href":"http:\/\/fup.gov.ba\/index.php?rest_route=%2Fwp%2Fv2%2Fcomments&post=19736"}],"version-history":[{"count":3,"href":"http:\/\/fup.gov.ba\/index.php?rest_route=\/wp\/v2\/posts\/19736\/revisions"}],"predecessor-version":[{"id":19739,"href":"http:\/\/fup.gov.ba\/index.php?rest_route=\/wp\/v2\/posts\/19736\/revisions\/19739"}],"wp:attachment":[{"href":"http:\/\/fup.gov.ba\/index.php?rest_route=%2Fwp%2Fv2%2Fmedia&parent=19736"}],"wp:term":[{"taxonomy":"category","embeddable":true,"href":"http:\/\/fup.gov.ba\/index.php?rest_route=%2Fwp%2Fv2%2Fcategories&post=19736"},{"taxonomy":"post_tag","embeddable":true,"href":"http:\/\/fup.gov.ba\/index.php?rest_route=%2Fwp%2Fv2%2Ftags&post=19736"}],"curies":[{"name":"wp","href":"https:\/\/api.w.org\/{rel}","templated":true}]}}