{"id":19754,"date":"2020-08-20T08:14:57","date_gmt":"2020-08-20T06:14:57","guid":{"rendered":"http:\/\/fup.gov.ba\/?p=19754"},"modified":"2020-08-20T08:18:43","modified_gmt":"2020-08-20T06:18:43","slug":"bilten-za-19-20-08-2020-godine","status":"publish","type":"post","link":"http:\/\/fup.gov.ba\/?p=19754","title":{"rendered":"Bilten za dan 19\/20.08.2020. godine"},"content":{"rendered":"<p>Na osnovu izvje\u0161taja operativnih centara kantonalnih ministarstava unutarnjih poslova i Federalne uprave policije, tokom navedenog perioda na podru\u010dju Federacije BiH&nbsp;registrovano je:<!--more--><\/p>\n<p><strong>44 krivi\u010dna djela<\/strong> i to:<\/p>\n<ul>\n<li>jedno razbojni\u0161tvo;<\/li>\n<li>tri nasilja u porodici;<\/li>\n<li>jedno izazivanje op\u0107e opasnosti;<\/li>\n<li>jedno ugro\u017eavanje sigurnosti;<\/li>\n<li>tri posjedovanja opojnih droga;<\/li>\n<li>jedno o\u0161te\u0107enje tu\u0111e stvari;<\/li>\n<li>jedna te\u0161ka kra\u0111a motornih vozila;<\/li>\n<li>14 te\u0161kih kra\u0111a;<\/li>\n<li>\u0161est kra\u0111a;<\/li>\n<li>13 ostalih krivi\u010dnih djela;<\/li>\n<\/ul>\n<p><strong>35 naru\u0161avanja javnog reda i mira<\/strong>, u kojima su dva lica zadobila lak\u0161e tjelesne povrede.<\/p>\n<p><strong>48 saobra\u0107ajnih nezgoda<\/strong>, u kojima su tri lica zadobila te\u0161ke, a osam lica lak\u0161e tjelesne povrede, dok za jedno lice nije utvr\u0111en stepen povreda.<\/p>\n<p><strong>15 lica je li\u0161eno slobode, a 14 lica je zadr\u017eano.<\/strong><\/p>\n","protected":false},"excerpt":{"rendered":"<p>Na osnovu izvje\u0161taja operativnih centara kantonalnih ministarstava unutarnjih poslova i Federalne uprave policije, tokom navedenog perioda na podru\u010dju Federacije BiH&nbsp;registrovano je:<\/p>\n","protected":false},"author":5,"featured_media":0,"comment_status":"closed","ping_status":"open","sticky":false,"template":"","format":"standard","meta":{"spay_email":""},"categories":[5],"tags":[],"jetpack_featured_media_url":"","_links":{"self":[{"href":"http:\/\/fup.gov.ba\/index.php?rest_route=\/wp\/v2\/posts\/19754"}],"collection":[{"href":"http:\/\/fup.gov.ba\/index.php?rest_route=\/wp\/v2\/posts"}],"about":[{"href":"http:\/\/fup.gov.ba\/index.php?rest_route=\/wp\/v2\/types\/post"}],"author":[{"embeddable":true,"href":"http:\/\/fup.gov.ba\/index.php?rest_route=\/wp\/v2\/users\/5"}],"replies":[{"embeddable":true,"href":"http:\/\/fup.gov.ba\/index.php?rest_route=%2Fwp%2Fv2%2Fcomments&post=19754"}],"version-history":[{"count":4,"href":"http:\/\/fup.gov.ba\/index.php?rest_route=\/wp\/v2\/posts\/19754\/revisions"}],"predecessor-version":[{"id":19758,"href":"http:\/\/fup.gov.ba\/index.php?rest_route=\/wp\/v2\/posts\/19754\/revisions\/19758"}],"wp:attachment":[{"href":"http:\/\/fup.gov.ba\/index.php?rest_route=%2Fwp%2Fv2%2Fmedia&parent=19754"}],"wp:term":[{"taxonomy":"category","embeddable":true,"href":"http:\/\/fup.gov.ba\/index.php?rest_route=%2Fwp%2Fv2%2Fcategories&post=19754"},{"taxonomy":"post_tag","embeddable":true,"href":"http:\/\/fup.gov.ba\/index.php?rest_route=%2Fwp%2Fv2%2Ftags&post=19754"}],"curies":[{"name":"wp","href":"https:\/\/api.w.org\/{rel}","templated":true}]}}