{"id":19759,"date":"2020-08-21T08:27:43","date_gmt":"2020-08-21T06:27:43","guid":{"rendered":"http:\/\/fup.gov.ba\/?p=19759"},"modified":"2020-08-21T08:32:53","modified_gmt":"2020-08-21T06:32:53","slug":"bilten-za-dan-20-21-08-2020-godine","status":"publish","type":"post","link":"http:\/\/fup.gov.ba\/?p=19759","title":{"rendered":"Bilten za dan 20\/21.08.2020. godine"},"content":{"rendered":"<p>Na osnovu izvje\u0161taja operativnih centara kantonalnih ministarstava unutarnjih poslova i Federalne uprave policije, tokom navedenog perioda na podru\u010dju Federacije BiH\u00a0registrovano je:<!--more--><\/p>\n<p><strong>40 krivi\u010dna djela<\/strong> i to:<\/p>\n<ul>\n<li>jedno razbojni\u0161tvo;<\/li>\n<li>\u010detiri nasilja u porodici;<\/li>\n<li>jedno ugro\u017eavanje sigurnosti;<\/li>\n<li>dva o\u0161te\u0107enja tu\u0111e stvari;<\/li>\n<li>\u010detiri te\u0161kih kra\u0111a;<\/li>\n<li>devet kra\u0111a;<\/li>\n<li>19 ostalih krivi\u010dnih djela;<\/li>\n<\/ul>\n<p><strong>38<\/strong> <strong>naru\u0161avanja javnog reda i mira<\/strong>, u kojima su \u010detiri lica zadobila lak\u0161e tjelesne povrede.<\/p>\n<p><strong>71 saobra\u0107ajna nezgoda<\/strong>, u kojima je jedno lice smrtno stradalo, sedam lica zadobila te\u0161ke, a 19 lica zadobila lak\u0161e tjelesne povrede.<\/p>\n<p><strong>24 lica je li\u0161eno slobode, a 16 lica je zadr\u017eano.<\/strong><\/p>\n","protected":false},"excerpt":{"rendered":"<p>Na osnovu izvje\u0161taja operativnih centara kantonalnih ministarstava unutarnjih poslova i Federalne uprave policije, tokom navedenog perioda na podru\u010dju Federacije BiH\u00a0registrovano je:<\/p>\n","protected":false},"author":5,"featured_media":0,"comment_status":"closed","ping_status":"open","sticky":false,"template":"","format":"standard","meta":{"spay_email":""},"categories":[5],"tags":[],"jetpack_featured_media_url":"","_links":{"self":[{"href":"http:\/\/fup.gov.ba\/index.php?rest_route=\/wp\/v2\/posts\/19759"}],"collection":[{"href":"http:\/\/fup.gov.ba\/index.php?rest_route=\/wp\/v2\/posts"}],"about":[{"href":"http:\/\/fup.gov.ba\/index.php?rest_route=\/wp\/v2\/types\/post"}],"author":[{"embeddable":true,"href":"http:\/\/fup.gov.ba\/index.php?rest_route=\/wp\/v2\/users\/5"}],"replies":[{"embeddable":true,"href":"http:\/\/fup.gov.ba\/index.php?rest_route=%2Fwp%2Fv2%2Fcomments&post=19759"}],"version-history":[{"count":3,"href":"http:\/\/fup.gov.ba\/index.php?rest_route=\/wp\/v2\/posts\/19759\/revisions"}],"predecessor-version":[{"id":19763,"href":"http:\/\/fup.gov.ba\/index.php?rest_route=\/wp\/v2\/posts\/19759\/revisions\/19763"}],"wp:attachment":[{"href":"http:\/\/fup.gov.ba\/index.php?rest_route=%2Fwp%2Fv2%2Fmedia&parent=19759"}],"wp:term":[{"taxonomy":"category","embeddable":true,"href":"http:\/\/fup.gov.ba\/index.php?rest_route=%2Fwp%2Fv2%2Fcategories&post=19759"},{"taxonomy":"post_tag","embeddable":true,"href":"http:\/\/fup.gov.ba\/index.php?rest_route=%2Fwp%2Fv2%2Ftags&post=19759"}],"curies":[{"name":"wp","href":"https:\/\/api.w.org\/{rel}","templated":true}]}}