{"id":21747,"date":"2020-12-14T08:04:28","date_gmt":"2020-12-14T07:04:28","guid":{"rendered":"http:\/\/fup.gov.ba\/?p=21747"},"modified":"2020-12-14T08:04:28","modified_gmt":"2020-12-14T07:04:28","slug":"bilten-za-dan-11-12-12-2020-godine","status":"publish","type":"post","link":"http:\/\/fup.gov.ba\/?p=21747","title":{"rendered":"Bilten za  dan 11\/12.12.2020. godine"},"content":{"rendered":"<p>Na osnovu izvje\u0161taja operativnih centara kantonalnih ministarstava unutarnjih poslova i Federalne uprave policije, tokom navedenog perioda na podru\u010dju Federacije Bosne i Hercegovine registrovano je:<!--more--><\/p>\n<p><strong>45<\/strong> <strong>krivi\u010dnih djela<\/strong> i to:<\/p>\n<ul>\n<li>jedno razbojni\u0161tvo;<\/li>\n<li>13 te\u0161kih kra\u0111a (2 motorna vozila);<\/li>\n<li>tri kra\u0111e;<\/li>\n<li>\u010detiri nasilja u porodici;<\/li>\n<li>tri o\u0161te\u010denja tu\u0111e stvari;<\/li>\n<li>dva posjedovanja i omogu\u010davanja u\u017eivanja opojnih droga;<\/li>\n<li>19 ostalih krivi\u010dnih djela;<\/li>\n<\/ul>\n<p><strong>\u00a0\u00a0210 naru\u0161avanja javnog reda i mira<\/strong> u kojima je jedno lice zadobilo lak\u0161e tjelesne povrede.<\/p>\n<p><strong>\u00a0\u00a041 saobra\u0107ajna nezgoda<\/strong>, u kojima je jedno\u00a0 lice zadobilo te\u0161ke, a 11 lica \u00a0\u00a0lak\u0161e tjelesne povrede.<\/p>\n<p><strong>\u00a030 lica je li\u0161eno slobode, a 19 lica je zadr\u017eano.<\/strong><\/p>\n","protected":false},"excerpt":{"rendered":"<p>Na osnovu izvje\u0161taja operativnih centara kantonalnih ministarstava unutarnjih poslova i Federalne uprave policije, tokom navedenog perioda na podru\u010dju Federacije Bosne i Hercegovine registrovano je:<\/p>\n","protected":false},"author":5,"featured_media":0,"comment_status":"closed","ping_status":"open","sticky":false,"template":"","format":"standard","meta":{"spay_email":""},"categories":[81,5],"tags":[],"jetpack_featured_media_url":"","_links":{"self":[{"href":"http:\/\/fup.gov.ba\/index.php?rest_route=\/wp\/v2\/posts\/21747"}],"collection":[{"href":"http:\/\/fup.gov.ba\/index.php?rest_route=\/wp\/v2\/posts"}],"about":[{"href":"http:\/\/fup.gov.ba\/index.php?rest_route=\/wp\/v2\/types\/post"}],"author":[{"embeddable":true,"href":"http:\/\/fup.gov.ba\/index.php?rest_route=\/wp\/v2\/users\/5"}],"replies":[{"embeddable":true,"href":"http:\/\/fup.gov.ba\/index.php?rest_route=%2Fwp%2Fv2%2Fcomments&post=21747"}],"version-history":[{"count":1,"href":"http:\/\/fup.gov.ba\/index.php?rest_route=\/wp\/v2\/posts\/21747\/revisions"}],"predecessor-version":[{"id":21748,"href":"http:\/\/fup.gov.ba\/index.php?rest_route=\/wp\/v2\/posts\/21747\/revisions\/21748"}],"wp:attachment":[{"href":"http:\/\/fup.gov.ba\/index.php?rest_route=%2Fwp%2Fv2%2Fmedia&parent=21747"}],"wp:term":[{"taxonomy":"category","embeddable":true,"href":"http:\/\/fup.gov.ba\/index.php?rest_route=%2Fwp%2Fv2%2Fcategories&post=21747"},{"taxonomy":"post_tag","embeddable":true,"href":"http:\/\/fup.gov.ba\/index.php?rest_route=%2Fwp%2Fv2%2Ftags&post=21747"}],"curies":[{"name":"wp","href":"https:\/\/api.w.org\/{rel}","templated":true}]}}