{"id":21751,"date":"2020-12-14T08:09:14","date_gmt":"2020-12-14T07:09:14","guid":{"rendered":"http:\/\/fup.gov.ba\/?p=21751"},"modified":"2020-12-14T08:09:14","modified_gmt":"2020-12-14T07:09:14","slug":"bilten-za-dan-13-14-12-2020-godine","status":"publish","type":"post","link":"http:\/\/fup.gov.ba\/?p=21751","title":{"rendered":"Bilten za dan 13\/14.12.2020. godine"},"content":{"rendered":"<p>Na osnovu izvje\u0161taja operativnih centara kantonalnih ministarstava unutarnjih poslova i Federalne uprave policije, tokom navedenog perioda na podru\u010dju Federacije Bosne i Hercegovine\u00a0registrovano je: <!--more--><\/p>\n<p><strong>22 krivi\u010dna djela<\/strong> i to:<\/p>\n<ul>\n<li>jedno nasilje u porodici;<\/li>\n<li>tri o\u0161te\u0107enja tu\u0111e stvari;<\/li>\n<li>jedno izazivanje op\u0107e opasnosti;<\/li>\n<li>jedna te\u0161ka kra\u0111a motornih vozila;<\/li>\n<li>osam te\u0161kih kra\u0111a;<\/li>\n<li>\u010detiri kra\u0111e;<\/li>\n<li>\u010detiri ostala krivi\u010dna djela;<\/li>\n<\/ul>\n<p><strong>125 naru\u0161avanja javnog reda i mira<\/strong>, u kojima je jedno lice zadobilo lak\u0161e tjelesne povrede.<\/p>\n<p><strong>27 saobra\u0107ajnih nezgoda<\/strong>, u kojima su dva lica zadobila te\u017ee, a pet lica lak\u0161e tjelesne povrede, dok za jedno lice nije utvr\u0111en stepen tjelesnih povreda.<\/p>\n<p><strong>17 lica je li\u0161eno slobode, a 20 lica je zadr\u017eano.<\/strong><\/p>\n","protected":false},"excerpt":{"rendered":"<p>Na osnovu izvje\u0161taja operativnih centara kantonalnih ministarstava unutarnjih poslova i Federalne uprave policije, tokom navedenog perioda na podru\u010dju Federacije Bosne i Hercegovine\u00a0registrovano je:<\/p>\n","protected":false},"author":5,"featured_media":0,"comment_status":"closed","ping_status":"open","sticky":false,"template":"","format":"standard","meta":{"spay_email":""},"categories":[81,5],"tags":[],"jetpack_featured_media_url":"","_links":{"self":[{"href":"http:\/\/fup.gov.ba\/index.php?rest_route=\/wp\/v2\/posts\/21751"}],"collection":[{"href":"http:\/\/fup.gov.ba\/index.php?rest_route=\/wp\/v2\/posts"}],"about":[{"href":"http:\/\/fup.gov.ba\/index.php?rest_route=\/wp\/v2\/types\/post"}],"author":[{"embeddable":true,"href":"http:\/\/fup.gov.ba\/index.php?rest_route=\/wp\/v2\/users\/5"}],"replies":[{"embeddable":true,"href":"http:\/\/fup.gov.ba\/index.php?rest_route=%2Fwp%2Fv2%2Fcomments&post=21751"}],"version-history":[{"count":1,"href":"http:\/\/fup.gov.ba\/index.php?rest_route=\/wp\/v2\/posts\/21751\/revisions"}],"predecessor-version":[{"id":21752,"href":"http:\/\/fup.gov.ba\/index.php?rest_route=\/wp\/v2\/posts\/21751\/revisions\/21752"}],"wp:attachment":[{"href":"http:\/\/fup.gov.ba\/index.php?rest_route=%2Fwp%2Fv2%2Fmedia&parent=21751"}],"wp:term":[{"taxonomy":"category","embeddable":true,"href":"http:\/\/fup.gov.ba\/index.php?rest_route=%2Fwp%2Fv2%2Fcategories&post=21751"},{"taxonomy":"post_tag","embeddable":true,"href":"http:\/\/fup.gov.ba\/index.php?rest_route=%2Fwp%2Fv2%2Ftags&post=21751"}],"curies":[{"name":"wp","href":"https:\/\/api.w.org\/{rel}","templated":true}]}}