{"id":21803,"date":"2020-12-17T08:11:31","date_gmt":"2020-12-17T07:11:31","guid":{"rendered":"http:\/\/fup.gov.ba\/?p=21803"},"modified":"2020-12-17T08:11:31","modified_gmt":"2020-12-17T07:11:31","slug":"bilten-za-dan-16-17-12-2020-godine","status":"publish","type":"post","link":"http:\/\/fup.gov.ba\/?p=21803","title":{"rendered":"Bilten za dan 16\/17.12.2020. godine"},"content":{"rendered":"<p>Na osnovu izvje\u0161taja operativnih centara kantonalnih ministarstava unutarnjih poslova i Federalne uprave policije, tokom navedenog perioda na podru\u010dju Federacije Bosne i Hercegovine registrovano je:<!--more--><\/p>\n<p><strong>20<\/strong> <strong>krivi\u010dnih djela<\/strong> i to:<\/p>\n<ul>\n<li>dva razbojni\u0161tva;<\/li>\n<li>\u010detiri te\u0161ke kra\u0111e;<\/li>\n<li>jedna kra\u0111a;<\/li>\n<li>jedno nasilje u porodici;<\/li>\n<li>jedno izazivanje op\u0107e opasnosti;<\/li>\n<li>dva o\u0161te\u0107enja tu\u0111e stvari;<\/li>\n<li>devet ostalih krivi\u010dnih djela;<\/li>\n<\/ul>\n<p><strong>157 naru\u0161avanja javnog reda i mira<\/strong> u kojima su \u010detira \u00a0lica zadobila lak\u0161e tjelesne povrede.<\/p>\n<p><strong>44 saobra\u0107ajne nezgode<\/strong>, u kojima su dva lica zadobila te\u0161ke, a 17 lica \u00a0\u00a0lak\u0161e tjelesne povrede.<\/p>\n<p><strong>18<\/strong> <strong>lica je li\u0161eno slobode, a 13 \u00a0lica je zadr\u017eano.<\/strong><\/p>\n","protected":false},"excerpt":{"rendered":"<p>Na osnovu izvje\u0161taja operativnih centara kantonalnih ministarstava unutarnjih poslova i Federalne uprave policije, tokom navedenog perioda na podru\u010dju Federacije Bosne i Hercegovine registrovano je:<\/p>\n","protected":false},"author":5,"featured_media":0,"comment_status":"closed","ping_status":"open","sticky":false,"template":"","format":"standard","meta":{"spay_email":""},"categories":[81,5],"tags":[],"jetpack_featured_media_url":"","_links":{"self":[{"href":"http:\/\/fup.gov.ba\/index.php?rest_route=\/wp\/v2\/posts\/21803"}],"collection":[{"href":"http:\/\/fup.gov.ba\/index.php?rest_route=\/wp\/v2\/posts"}],"about":[{"href":"http:\/\/fup.gov.ba\/index.php?rest_route=\/wp\/v2\/types\/post"}],"author":[{"embeddable":true,"href":"http:\/\/fup.gov.ba\/index.php?rest_route=\/wp\/v2\/users\/5"}],"replies":[{"embeddable":true,"href":"http:\/\/fup.gov.ba\/index.php?rest_route=%2Fwp%2Fv2%2Fcomments&post=21803"}],"version-history":[{"count":1,"href":"http:\/\/fup.gov.ba\/index.php?rest_route=\/wp\/v2\/posts\/21803\/revisions"}],"predecessor-version":[{"id":21804,"href":"http:\/\/fup.gov.ba\/index.php?rest_route=\/wp\/v2\/posts\/21803\/revisions\/21804"}],"wp:attachment":[{"href":"http:\/\/fup.gov.ba\/index.php?rest_route=%2Fwp%2Fv2%2Fmedia&parent=21803"}],"wp:term":[{"taxonomy":"category","embeddable":true,"href":"http:\/\/fup.gov.ba\/index.php?rest_route=%2Fwp%2Fv2%2Fcategories&post=21803"},{"taxonomy":"post_tag","embeddable":true,"href":"http:\/\/fup.gov.ba\/index.php?rest_route=%2Fwp%2Fv2%2Ftags&post=21803"}],"curies":[{"name":"wp","href":"https:\/\/api.w.org\/{rel}","templated":true}]}}