{"id":21828,"date":"2020-12-21T08:25:14","date_gmt":"2020-12-21T07:25:14","guid":{"rendered":"http:\/\/fup.gov.ba\/?p=21828"},"modified":"2020-12-21T08:25:25","modified_gmt":"2020-12-21T07:25:25","slug":"bilten-za-dan-20-21-12-2020-godine","status":"publish","type":"post","link":"http:\/\/fup.gov.ba\/?p=21828","title":{"rendered":"Bilten za dan 20\/21.12.2020. godine"},"content":{"rendered":"<p>Na osnovu izvje\u0161taja operativnih centara kantonalnih ministarstava unutarnjih poslova i Federalne uprave policije, tokom navedenog perioda na podru\u010dju Federacije BiH registrovano je:<!--more--><\/p>\n<p><strong>35<\/strong> <strong>krivi\u010dnih djela<\/strong> i to:<\/p>\n<ul>\n<li>dva razbojni\u0161tva;<\/li>\n<li>sedam te\u0161kih kra\u0111a (jedno motorno vozilo);<\/li>\n<li>tri kra\u0111e;<\/li>\n<li>tri nasilja u porodici;<\/li>\n<li>jedno ugro\u017eavanje sigurnosti;<\/li>\n<li>dva o\u0161te\u0107enja tu\u0111e stvari;<\/li>\n<li>tri posjedovanja opojne droge;<\/li>\n<li>14 ostalih krivi\u010dnih djela;<\/li>\n<\/ul>\n<p><strong>94<\/strong> naru\u0161avanja javnog reda i mira u kojima su dva \u00a0lica zadobila tjelesne povrede za koje nije utvr\u0111en stepen povre\u0111ivanja.<\/p>\n<p><strong>46 <\/strong>saobra\u0107ajih nezgoda, u kojima su tri lica zadobila te\u0161ke, a 13 lica \u00a0\u00a0lak\u0161e tjelesne povrede, dok za tri lica nije utvr\u0111en stepen povrede.<\/p>\n<p><strong>20<\/strong> <strong>lica je li\u0161eno slobode, a 20 lica je zadr\u017eano.<\/strong><\/p>\n","protected":false},"excerpt":{"rendered":"<p>Na osnovu izvje\u0161taja operativnih centara kantonalnih ministarstava unutarnjih poslova i Federalne uprave policije, tokom navedenog perioda na podru\u010dju Federacije BiH registrovano je:<\/p>\n","protected":false},"author":5,"featured_media":0,"comment_status":"closed","ping_status":"open","sticky":false,"template":"","format":"standard","meta":{"spay_email":""},"categories":[81,5],"tags":[],"jetpack_featured_media_url":"","_links":{"self":[{"href":"http:\/\/fup.gov.ba\/index.php?rest_route=\/wp\/v2\/posts\/21828"}],"collection":[{"href":"http:\/\/fup.gov.ba\/index.php?rest_route=\/wp\/v2\/posts"}],"about":[{"href":"http:\/\/fup.gov.ba\/index.php?rest_route=\/wp\/v2\/types\/post"}],"author":[{"embeddable":true,"href":"http:\/\/fup.gov.ba\/index.php?rest_route=\/wp\/v2\/users\/5"}],"replies":[{"embeddable":true,"href":"http:\/\/fup.gov.ba\/index.php?rest_route=%2Fwp%2Fv2%2Fcomments&post=21828"}],"version-history":[{"count":2,"href":"http:\/\/fup.gov.ba\/index.php?rest_route=\/wp\/v2\/posts\/21828\/revisions"}],"predecessor-version":[{"id":21830,"href":"http:\/\/fup.gov.ba\/index.php?rest_route=\/wp\/v2\/posts\/21828\/revisions\/21830"}],"wp:attachment":[{"href":"http:\/\/fup.gov.ba\/index.php?rest_route=%2Fwp%2Fv2%2Fmedia&parent=21828"}],"wp:term":[{"taxonomy":"category","embeddable":true,"href":"http:\/\/fup.gov.ba\/index.php?rest_route=%2Fwp%2Fv2%2Fcategories&post=21828"},{"taxonomy":"post_tag","embeddable":true,"href":"http:\/\/fup.gov.ba\/index.php?rest_route=%2Fwp%2Fv2%2Ftags&post=21828"}],"curies":[{"name":"wp","href":"https:\/\/api.w.org\/{rel}","templated":true}]}}