{"id":21838,"date":"2020-12-22T14:24:54","date_gmt":"2020-12-22T13:24:54","guid":{"rendered":"http:\/\/fup.gov.ba\/?p=21838"},"modified":"2020-12-22T14:48:48","modified_gmt":"2020-12-22T13:48:48","slug":"lisena-slobode-pet-lica-iz-sarajeva-zbog-osnova-sumnje-da-su-pocinili-kd-neovlastena-proizvodnja-i-stavljanje-u-promet-opojnih-droga","status":"publish","type":"post","link":"http:\/\/fup.gov.ba\/?p=21838","title":{"rendered":"Li\u0161eno slobode pet lica iz Sarajeva zbog osnova sumnje da su po\u010dinili KD \u201eNeovla\u0161tena proizvodnja i stavljanje u promet opojnih droga\u201c"},"content":{"rendered":"\t\t<div data-elementor-type=\"wp-post\" data-elementor-id=\"21838\" class=\"elementor elementor-21838\" data-elementor-settings=\"[]\">\n\t\t\t\t\t\t<div class=\"elementor-inner\">\n\t\t\t\t\t\t\t<div class=\"elementor-section-wrap\">\n\t\t\t\t\t\t\t<section class=\"has_eae_slider elementor-section elementor-top-section elementor-element elementor-element-9c70d13 elementor-section-boxed elementor-section-height-default elementor-section-height-default\" data-id=\"9c70d13\" data-element_type=\"section\">\n\t\t\t\t\t\t<div class=\"elementor-container elementor-column-gap-default\">\n\t\t\t\t\t\t\t<div class=\"elementor-row\">\n\t\t\t\t\t<div class=\"has_eae_slider elementor-column elementor-col-100 elementor-top-column elementor-element elementor-element-f7eb650\" data-id=\"f7eb650\" data-element_type=\"column\">\n\t\t\t<div class=\"elementor-column-wrap elementor-element-populated\">\n\t\t\t\t\t\t\t<div class=\"elementor-widget-wrap\">\n\t\t\t\t\t\t<div class=\"elementor-element elementor-element-919c2ed elementor-widget elementor-widget-text-editor\" data-id=\"919c2ed\" data-element_type=\"widget\" data-widget_type=\"text-editor.default\">\n\t\t\t\t<div class=\"elementor-widget-container\">\n\t\t\t\t\t\t\t\t<div class=\"elementor-text-editor elementor-clearfix\">\n\t\t\t\t<p>Policijski slu\u017ebenici Federalne uprave policije su danas, 22.12.2020. godine pod nadzorom Kantonalnog tu\u017eila\u0161tva Kantona Sarajevo, zapo\u010deli aktivnosti na realizaciji operativno takti\u010dke akcije vezano za dokumentovanje lica i krivi\u010dnog djela \u201eNeovla\u0161tena proizvodnja i stavljanje u promet opojnih droga\u201c iz \u010dlana 238. Krivi\u010dnog Zakona Federacije Bosne i Hercegovine.<\/p>\n<p>U sklopu navedenih aktivnosti, a na osnovu Naredbi Op\u0107inskog suda u Sarajevu izvr\u0161eni je pet pretresa na podru\u010dju Kantona Sarajevo, te je li\u0161eno slobode pet lica iz Sarajeva inicijala A.J. (1987.), E.J. (1980.), A.V. (1985.), N.K. (1988.), S.\u010c. (1985.) zbog postojanja osnova sumnje na izvr\u0161enje navedenog krivi\u010dng djela. Pojedina lica su od ranije poznata policijskim i pravosudnim organima kao vi\u0161estuki povratnici u vr\u0161enju krivi\u010dnih djela, zbog \u010dega su osu\u0111ivani.<\/p>\n<p>Navedena lica se sumnji\u010de da su na podru\u010dju Kantona Sarajevo s ciljem pribavljanja protivpravne imovinske koristi, kontinuirano vr\u0161ila nabavku opojne droge na njima poznat na\u010din i od njima poznatih lica, radi dalje preprodaje. Nakon nabavke ve\u0107e koli\u010dine droge istu su prepakivali, a potom preprodavali konzumentima sa podru\u010dja Kantona Sarajevo.&nbsp;<\/p>\n<p>Dosada\u0161njom istragom i prilikom pretresa je prona\u0111ena odre\u0111ena koli\u010dina materije koja svojim izgledom asocira na opojnu drogu \u201eCanabis Sativa L\u201c, \u201eAmfetamin\u201c i \u201eMetamfetamin\u201c, sredstva za pakovanje i vaganje, oru\u017eje i municije, mobilni telefonski aparati i sim kartice, te drugi predmeti koji poti\u010du ili se dovode u vezu sa predmetnim krivi\u010dnim djelima.&nbsp;<\/p>\n<p>Lica li\u0161ena slobode \u0107e nakon kriminalisti\u010dke obrade u Federalnoj upravi policije i zakonskom roku biti predata na dalju nadle\u017enost Kantonalnom tu\u017eila\u0161tvu kantona Sarajevo uz Izvje\u0161taj o izvr\u0161enim krivi\u010dnim djelima.<\/p>\n<p>Nastavljaju je aktivnosti na realizaciji ove operativne akcije.<\/p>\t\t\t\t\t<\/div>\n\t\t\t\t\t\t<\/div>\n\t\t\t\t<\/div>\n\t\t\t\t\t\t<\/div>\n\t\t\t\t\t<\/div>\n\t\t<\/div>\n\t\t\t\t\t\t\t\t<\/div>\n\t\t\t\t\t<\/div>\n\t\t<\/section>\n\t\t\t\t<section class=\"has_eae_slider elementor-section elementor-top-section elementor-element elementor-element-931ee82 elementor-section-boxed elementor-section-height-default elementor-section-height-default\" data-id=\"931ee82\" data-element_type=\"section\">\n\t\t\t\t\t\t<div class=\"elementor-container elementor-column-gap-default\">\n\t\t\t\t\t\t\t<div class=\"elementor-row\">\n\t\t\t\t\t<div class=\"has_eae_slider elementor-column elementor-col-100 elementor-top-column elementor-element elementor-element-85ab87f\" data-id=\"85ab87f\" data-element_type=\"column\">\n\t\t\t<div class=\"elementor-column-wrap elementor-element-populated\">\n\t\t\t\t\t\t\t<div class=\"elementor-widget-wrap\">\n\t\t\t\t\t\t<div class=\"elementor-element elementor-element-72107ac elementor-widget elementor-widget-image-gallery\" data-id=\"72107ac\" data-element_type=\"widget\" data-widget_type=\"image-gallery.default\">\n\t\t\t\t<div class=\"elementor-widget-container\">\n\t\t\t\t\t<div class=\"elementor-image-gallery\">\n\t\t\t<div id='gallery-1' class='gallery galleryid-21838 gallery-columns-1 gallery-size-medium_large'><figure class='gallery-item'>\n\t\t\t<div class='gallery-icon landscape'>\n\t\t\t\t<a data-elementor-open-lightbox=\"yes\" data-elementor-lightbox-slideshow=\"72107ac\" data-elementor-lightbox-title=\"Pet lica Sarajevo_1\" href='http:\/\/fup.gov.ba\/wp-content\/uploads\/2020\/07\/Pet-lica-Sarajevo_1.jpg'><img width=\"768\" height=\"512\" src=\"http:\/\/fup.gov.ba\/wp-content\/uploads\/2020\/07\/Pet-lica-Sarajevo_1-768x512.jpg\" class=\"attachment-medium_large size-medium_large\" alt=\"\" loading=\"lazy\" srcset=\"http:\/\/fup.gov.ba\/wp-content\/uploads\/2020\/07\/Pet-lica-Sarajevo_1-768x512.jpg 768w, http:\/\/fup.gov.ba\/wp-content\/uploads\/2020\/07\/Pet-lica-Sarajevo_1-300x200.jpg 300w, http:\/\/fup.gov.ba\/wp-content\/uploads\/2020\/07\/Pet-lica-Sarajevo_1-350x233.jpg 350w, http:\/\/fup.gov.ba\/wp-content\/uploads\/2020\/07\/Pet-lica-Sarajevo_1.jpg 900w\" sizes=\"(max-width: 768px) 100vw, 768px\" \/><\/a>\n\t\t\t<\/div><\/figure><figure class='gallery-item'>\n\t\t\t<div class='gallery-icon portrait'>\n\t\t\t\t<a data-elementor-open-lightbox=\"yes\" data-elementor-lightbox-slideshow=\"72107ac\" data-elementor-lightbox-title=\"Pet lica Sarajevo_2\" href='http:\/\/fup.gov.ba\/wp-content\/uploads\/2020\/07\/Pet-lica-Sarajevo_2.jpg'><img width=\"600\" height=\"900\" src=\"http:\/\/fup.gov.ba\/wp-content\/uploads\/2020\/07\/Pet-lica-Sarajevo_2.jpg\" class=\"attachment-medium_large size-medium_large\" alt=\"\" loading=\"lazy\" srcset=\"http:\/\/fup.gov.ba\/wp-content\/uploads\/2020\/07\/Pet-lica-Sarajevo_2.jpg 600w, http:\/\/fup.gov.ba\/wp-content\/uploads\/2020\/07\/Pet-lica-Sarajevo_2-200x300.jpg 200w, http:\/\/fup.gov.ba\/wp-content\/uploads\/2020\/07\/Pet-lica-Sarajevo_2-350x525.jpg 350w\" sizes=\"(max-width: 600px) 100vw, 600px\" \/><\/a>\n\t\t\t<\/div><\/figure><figure class='gallery-item'>\n\t\t\t<div class='gallery-icon landscape'>\n\t\t\t\t<a data-elementor-open-lightbox=\"yes\" data-elementor-lightbox-slideshow=\"72107ac\" data-elementor-lightbox-title=\"Pet lica Sarajevo_4\" href='http:\/\/fup.gov.ba\/wp-content\/uploads\/2020\/07\/Pet-lica-Sarajevo_4.jpg'><img width=\"768\" height=\"512\" src=\"http:\/\/fup.gov.ba\/wp-content\/uploads\/2020\/07\/Pet-lica-Sarajevo_4-768x512.jpg\" class=\"attachment-medium_large size-medium_large\" alt=\"\" loading=\"lazy\" srcset=\"http:\/\/fup.gov.ba\/wp-content\/uploads\/2020\/07\/Pet-lica-Sarajevo_4-768x512.jpg 768w, http:\/\/fup.gov.ba\/wp-content\/uploads\/2020\/07\/Pet-lica-Sarajevo_4-300x200.jpg 300w, http:\/\/fup.gov.ba\/wp-content\/uploads\/2020\/07\/Pet-lica-Sarajevo_4-350x233.jpg 350w, http:\/\/fup.gov.ba\/wp-content\/uploads\/2020\/07\/Pet-lica-Sarajevo_4.jpg 900w\" sizes=\"(max-width: 768px) 100vw, 768px\" \/><\/a>\n\t\t\t<\/div><\/figure><figure class='gallery-item'>\n\t\t\t<div class='gallery-icon landscape'>\n\t\t\t\t<a data-elementor-open-lightbox=\"yes\" data-elementor-lightbox-slideshow=\"72107ac\" data-elementor-lightbox-title=\"Pet lica Sarajevo_3\" href='http:\/\/fup.gov.ba\/wp-content\/uploads\/2020\/07\/Pet-lica-Sarajevo_3.jpg'><img width=\"768\" height=\"512\" src=\"http:\/\/fup.gov.ba\/wp-content\/uploads\/2020\/07\/Pet-lica-Sarajevo_3-768x512.jpg\" class=\"attachment-medium_large size-medium_large\" alt=\"\" loading=\"lazy\" srcset=\"http:\/\/fup.gov.ba\/wp-content\/uploads\/2020\/07\/Pet-lica-Sarajevo_3-768x512.jpg 768w, http:\/\/fup.gov.ba\/wp-content\/uploads\/2020\/07\/Pet-lica-Sarajevo_3-300x200.jpg 300w, http:\/\/fup.gov.ba\/wp-content\/uploads\/2020\/07\/Pet-lica-Sarajevo_3-350x233.jpg 350w, http:\/\/fup.gov.ba\/wp-content\/uploads\/2020\/07\/Pet-lica-Sarajevo_3.jpg 900w\" sizes=\"(max-width: 768px) 100vw, 768px\" \/><\/a>\n\t\t\t<\/div><\/figure>\n\t\t<\/div>\n\t\t<\/div>\n\t\t\t\t<\/div>\n\t\t\t\t<\/div>\n\t\t\t\t\t\t<\/div>\n\t\t\t\t\t<\/div>\n\t\t<\/div>\n\t\t\t\t\t\t\t\t<\/div>\n\t\t\t\t\t<\/div>\n\t\t<\/section>\n\t\t\t\t\t\t<\/div>\n\t\t\t\t\t\t<\/div>\n\t\t\t\t\t<\/div>\n\t\t","protected":false},"excerpt":{"rendered":"<p>Policijski slu\u017ebenici Federalne uprave policije su danas, 22.12.2020. godine pod nadzorom Kantonalnog tu\u017eila\u0161tva Kantona Sarajevo, zapo\u010deli aktivnosti na realizaciji operativno takti\u010dke akcije vezano za dokumentovanje lica i krivi\u010dnog djela \u201eNeovla\u0161tena proizvodnja i stavljanje u promet opojnih droga\u201c iz \u010dlana 238. Krivi\u010dnog Zakona Federacije Bosne i Hercegovine. U sklopu navedenih aktivnosti, a na osnovu Naredbi Op\u0107inskog &hellip;<\/p>\n<p class=\"read-more\"> <a class=\"\" href=\"http:\/\/fup.gov.ba\/?p=21838\"> <span class=\"screen-reader-text\">Li\u0161eno slobode pet lica iz Sarajeva zbog osnova sumnje da su po\u010dinili KD \u201eNeovla\u0161tena proizvodnja i stavljanje u promet opojnih droga\u201c<\/span> Read More &raquo;<\/a><\/p>\n","protected":false},"author":5,"featured_media":21843,"comment_status":"closed","ping_status":"open","sticky":false,"template":"","format":"standard","meta":{"spay_email":""},"categories":[81,6],"tags":[],"jetpack_featured_media_url":"http:\/\/fup.gov.ba\/wp-content\/uploads\/2020\/07\/Pet-lica-Sarajevo_0.jpg","_links":{"self":[{"href":"http:\/\/fup.gov.ba\/index.php?rest_route=\/wp\/v2\/posts\/21838"}],"collection":[{"href":"http:\/\/fup.gov.ba\/index.php?rest_route=\/wp\/v2\/posts"}],"about":[{"href":"http:\/\/fup.gov.ba\/index.php?rest_route=\/wp\/v2\/types\/post"}],"author":[{"embeddable":true,"href":"http:\/\/fup.gov.ba\/index.php?rest_route=\/wp\/v2\/users\/5"}],"replies":[{"embeddable":true,"href":"http:\/\/fup.gov.ba\/index.php?rest_route=%2Fwp%2Fv2%2Fcomments&post=21838"}],"version-history":[{"count":12,"href":"http:\/\/fup.gov.ba\/index.php?rest_route=\/wp\/v2\/posts\/21838\/revisions"}],"predecessor-version":[{"id":21874,"href":"http:\/\/fup.gov.ba\/index.php?rest_route=\/wp\/v2\/posts\/21838\/revisions\/21874"}],"wp:featuredmedia":[{"embeddable":true,"href":"http:\/\/fup.gov.ba\/index.php?rest_route=\/wp\/v2\/media\/21843"}],"wp:attachment":[{"href":"http:\/\/fup.gov.ba\/index.php?rest_route=%2Fwp%2Fv2%2Fmedia&parent=21838"}],"wp:term":[{"taxonomy":"category","embeddable":true,"href":"http:\/\/fup.gov.ba\/index.php?rest_route=%2Fwp%2Fv2%2Fcategories&post=21838"},{"taxonomy":"post_tag","embeddable":true,"href":"http:\/\/fup.gov.ba\/index.php?rest_route=%2Fwp%2Fv2%2Ftags&post=21838"}],"curies":[{"name":"wp","href":"https:\/\/api.w.org\/{rel}","templated":true}]}}