{"id":21855,"date":"2020-12-22T14:47:10","date_gmt":"2020-12-22T13:47:10","guid":{"rendered":"http:\/\/fup.gov.ba\/?p=21855"},"modified":"2020-12-22T14:48:09","modified_gmt":"2020-12-22T13:48:09","slug":"u-sarajevu-odrzan-sastanak-sa-predstavnicima-kriznog-staba-federalnog-ministarstva-zdravstva-povodom-poduzimanje-mjera-u-vrijeme-novogodisnjih-praznika","status":"publish","type":"post","link":"http:\/\/fup.gov.ba\/?p=21855","title":{"rendered":"U Sarajevu odr\u017ean sastanak sa predstavnicima  Kriznog \u0161taba Federalnog ministarstva zdravstva povodom poduzimanje mjera u vrijeme novogodi\u0161njih praznika"},"content":{"rendered":"\t\t<div data-elementor-type=\"wp-post\" data-elementor-id=\"21855\" class=\"elementor elementor-21855\" data-elementor-settings=\"[]\">\n\t\t\t\t\t\t<div class=\"elementor-inner\">\n\t\t\t\t\t\t\t<div class=\"elementor-section-wrap\">\n\t\t\t\t\t\t\t<section class=\"has_eae_slider elementor-section elementor-top-section elementor-element elementor-element-33acff4 elementor-section-boxed elementor-section-height-default elementor-section-height-default\" data-id=\"33acff4\" data-element_type=\"section\">\n\t\t\t\t\t\t<div class=\"elementor-container elementor-column-gap-default\">\n\t\t\t\t\t\t\t<div class=\"elementor-row\">\n\t\t\t\t\t<div class=\"has_eae_slider elementor-column elementor-col-100 elementor-top-column elementor-element elementor-element-0696d9a\" data-id=\"0696d9a\" data-element_type=\"column\">\n\t\t\t<div class=\"elementor-column-wrap elementor-element-populated\">\n\t\t\t\t\t\t\t<div class=\"elementor-widget-wrap\">\n\t\t\t\t\t\t<div class=\"elementor-element elementor-element-57e92bd elementor-widget elementor-widget-text-editor\" data-id=\"57e92bd\" data-element_type=\"widget\" data-widget_type=\"text-editor.default\">\n\t\t\t\t<div class=\"elementor-widget-container\">\n\t\t\t\t\t\t\t\t<div class=\"elementor-text-editor elementor-clearfix\">\n\t\t\t\t<p>U Sarajevu je danas, 22.12.2020. godine, odr\u017ean sastanak predstavnika Kriznog \u0161taba Federalnog ministarstva zdravstva, na \u010delu s pomo\u0107nikom federalnog ministra zdravstva dr. Goranom \u010cerkez i zamjenikom direktora Federalne uprave policije, Ensadom Korman, te Policijskim komesarima\/direktorima kantonalnih ministarstava unutra\u0161njih poslova u Federaciji Bosne i Hercegovine. Povod dana\u0161njeg sastanka je poduzimanje mjera od strane policijskih agencija i drugih nadle\u017enih organa na podru\u010dju Federacije Bosne i Hercegovine u vrijeme novogodi\u0161njih praznika s ciljem preventivnog i represivnog djelovanja u pogledu sprije\u010davanja \u0161irenja koronavirusa.<\/p><p>Na dana\u0161njem sastanku raspravljano je o aktuelnoj epidemiolo\u0161koj situaciji, nepo\u0161tivanju mjera Kriznog \u0161taba, aktivnosti policije i saradnji s nadle\u017enim organima pojedina\u010dno na podru\u010dju cijele Federacije Bosne i Hercegovine, odnosno svakog kantona zasebno.<\/p><p>Prema navodima pomo\u0107nika ministra \u010cerkeza, primjetno je da je epidemiolo\u0161ka situacija stabilnija u mjesecu decembru u odnosu na novembar 2020. godine, ali i dalje nepovoljna. Obzirom da ve\u0107a okupljanja tokom predstoje\u0107ih praznika predstavljaju epidemiolo\u0161ki rizik konstatirano je da je vrlo va\u017eno poduzeti aktivnosti kako bi se va\u017ee\u0107e epidemijske mjere maksimalno po\u0161tovale. Podsje\u0107amo, va\u017ee\u0107om Naredbom Kriznog \u0161taba FMZ na snazi ostaje zabrana rada ugostiteljskim objektima iza 23,00 sati, zabrana organizovanog do\u010deka Nove godine, zabrana okupljanja u zatvorenom i otvorenom prostoru u odnosu na preporu\u010deni broj, zabrana kretanja u periodu od 23,00 do 05,00 sati, obavezno no\u0161enje maski i dr\u017eanje distance, te pridr\u017eavanje drugih mjera li\u010dne za\u0161tite.<\/p><p>Nakon diskusija i izvr\u0161enih prijedloga u\u010desnika sastanka, doneseni su zaklju\u010dci, i to:<\/p><p>Poduzimanje preventivnih aktivnosti od strane policijskih organa i drugih nadle\u017enih institucija prije do\u010deka novogodi\u0161njih praznika, te represivne mjere i radnje tokom do\u010deka istih, te odgovaraju\u0107e aktivnosti nakon novogodi\u0161njih praznika, s akcentom na planinska podru\u010dja, i ugostiteljske objekte na istima.<\/p><p>Vezano za prethodnu ta\u010dku, policijski komesari\/direktori kantonalnih ministarstava unutra\u0161njih poslova \u0107e odr\u017eati sastanke s kantonalnim inspekcijskim organima, kako bi se dogovorile zajedni\u010dke aktivnosti prije i za vrijeme do\u010deka Nove godine.<\/p><p>Poja\u010dano prisustvo patrolnih slu\u017ebi kantonalnih ministarstava unutra\u0161njih poslova, na planinskim podru\u010djima, i saradnja s inspekcijskim slu\u017ebama po pitanju kr\u0161enja nalo\u017eenih mjera u ugostiteljskim objektima.<\/p><p>Svako fizi\u010dko ili pravno lice koje se ne pridr\u017eava mjera i preporuka iz naredbe Kriznog \u0161taba Federalnog ministarstva zdravstva, svjesno ugro\u017eava zdravlje stanovni\u0161tva, zbog \u010dega \u0107e biti kako prekr\u0161ajno tako i krivi\u010dno sankcionisano na temelju Krivi\u010dnog zakona Federacije Bosne i Heregovine.<\/p><p>Nastavak provo\u0111enja aktivnosti u svrhu sprovo\u0111enja mjera i preporuka Kriznog \u0161taba Federalnog ministarstva zdravstva, a u cilju sprje\u010davanja \u0161irenja zaraze uzrokovane korona virusom.<\/p>\t\t\t\t\t<\/div>\n\t\t\t\t\t\t<\/div>\n\t\t\t\t<\/div>\n\t\t\t\t\t\t<\/div>\n\t\t\t\t\t<\/div>\n\t\t<\/div>\n\t\t\t\t\t\t\t\t<\/div>\n\t\t\t\t\t<\/div>\n\t\t<\/section>\n\t\t\t\t<section class=\"has_eae_slider elementor-section elementor-top-section elementor-element elementor-element-8ff70ad elementor-section-boxed elementor-section-height-default elementor-section-height-default\" data-id=\"8ff70ad\" data-element_type=\"section\">\n\t\t\t\t\t\t<div class=\"elementor-container elementor-column-gap-default\">\n\t\t\t\t\t\t\t<div class=\"elementor-row\">\n\t\t\t\t\t<div class=\"has_eae_slider elementor-column elementor-col-100 elementor-top-column elementor-element elementor-element-705404a\" data-id=\"705404a\" data-element_type=\"column\">\n\t\t\t<div class=\"elementor-column-wrap elementor-element-populated\">\n\t\t\t\t\t\t\t<div class=\"elementor-widget-wrap\">\n\t\t\t\t\t\t<div class=\"elementor-element elementor-element-71a2960 elementor-widget elementor-widget-image-gallery\" data-id=\"71a2960\" data-element_type=\"widget\" data-widget_type=\"image-gallery.default\">\n\t\t\t\t<div class=\"elementor-widget-container\">\n\t\t\t\t\t<div class=\"elementor-image-gallery\">\n\t\t\t<div id='gallery-1' class='gallery galleryid-21855 gallery-columns-1 gallery-size-medium_large'><figure class='gallery-item'>\n\t\t\t<div class='gallery-icon landscape'>\n\t\t\t\t<a data-elementor-open-lightbox=\"yes\" data-elementor-lightbox-slideshow=\"71a2960\" data-elementor-lightbox-title=\"Sastanak 2\" href='http:\/\/fup.gov.ba\/wp-content\/uploads\/2020\/07\/Sastanak-2.jpg'><img width=\"768\" height=\"512\" src=\"http:\/\/fup.gov.ba\/wp-content\/uploads\/2020\/07\/Sastanak-2-768x512.jpg\" class=\"attachment-medium_large size-medium_large\" alt=\"\" loading=\"lazy\" srcset=\"http:\/\/fup.gov.ba\/wp-content\/uploads\/2020\/07\/Sastanak-2-768x512.jpg 768w, http:\/\/fup.gov.ba\/wp-content\/uploads\/2020\/07\/Sastanak-2-300x200.jpg 300w, http:\/\/fup.gov.ba\/wp-content\/uploads\/2020\/07\/Sastanak-2-350x233.jpg 350w, http:\/\/fup.gov.ba\/wp-content\/uploads\/2020\/07\/Sastanak-2.jpg 900w\" sizes=\"(max-width: 768px) 100vw, 768px\" \/><\/a>\n\t\t\t<\/div><\/figure><figure class='gallery-item'>\n\t\t\t<div class='gallery-icon landscape'>\n\t\t\t\t<a data-elementor-open-lightbox=\"yes\" data-elementor-lightbox-slideshow=\"71a2960\" data-elementor-lightbox-title=\"Sastanak 1\" href='http:\/\/fup.gov.ba\/wp-content\/uploads\/2020\/07\/Sastanak-1.jpg'><img width=\"768\" height=\"512\" src=\"http:\/\/fup.gov.ba\/wp-content\/uploads\/2020\/07\/Sastanak-1-768x512.jpg\" class=\"attachment-medium_large size-medium_large\" alt=\"\" loading=\"lazy\" srcset=\"http:\/\/fup.gov.ba\/wp-content\/uploads\/2020\/07\/Sastanak-1-768x512.jpg 768w, http:\/\/fup.gov.ba\/wp-content\/uploads\/2020\/07\/Sastanak-1-300x200.jpg 300w, http:\/\/fup.gov.ba\/wp-content\/uploads\/2020\/07\/Sastanak-1-350x233.jpg 350w, http:\/\/fup.gov.ba\/wp-content\/uploads\/2020\/07\/Sastanak-1.jpg 900w\" sizes=\"(max-width: 768px) 100vw, 768px\" \/><\/a>\n\t\t\t<\/div><\/figure>\n\t\t<\/div>\n\t\t<\/div>\n\t\t\t\t<\/div>\n\t\t\t\t<\/div>\n\t\t\t\t\t\t<\/div>\n\t\t\t\t\t<\/div>\n\t\t<\/div>\n\t\t\t\t\t\t\t\t<\/div>\n\t\t\t\t\t<\/div>\n\t\t<\/section>\n\t\t\t\t\t\t<\/div>\n\t\t\t\t\t\t<\/div>\n\t\t\t\t\t<\/div>\n\t\t","protected":false},"excerpt":{"rendered":"<p>U Sarajevu je danas, 22.12.2020. godine, odr\u017ean sastanak predstavnika Kriznog \u0161taba Federalnog ministarstva zdravstva, na \u010delu s pomo\u0107nikom federalnog ministra zdravstva dr. Goranom \u010cerkez i zamjenikom direktora Federalne uprave policije, Ensadom Korman, te Policijskim komesarima\/direktorima kantonalnih ministarstava unutra\u0161njih poslova u Federaciji Bosne i Hercegovine. Povod dana\u0161njeg sastanka je poduzimanje mjera od strane policijskih agencija i &hellip;<\/p>\n<p class=\"read-more\"> <a class=\"\" href=\"http:\/\/fup.gov.ba\/?p=21855\"> <span class=\"screen-reader-text\">U Sarajevu odr\u017ean sastanak sa predstavnicima  Kriznog \u0161taba Federalnog ministarstva zdravstva povodom poduzimanje mjera u vrijeme novogodi\u0161njih praznika<\/span> Read More &raquo;<\/a><\/p>\n","protected":false},"author":5,"featured_media":21858,"comment_status":"closed","ping_status":"open","sticky":false,"template":"","format":"standard","meta":{"spay_email":""},"categories":[81,6],"tags":[],"jetpack_featured_media_url":"http:\/\/fup.gov.ba\/wp-content\/uploads\/2020\/07\/Sastanak-2.jpg","_links":{"self":[{"href":"http:\/\/fup.gov.ba\/index.php?rest_route=\/wp\/v2\/posts\/21855"}],"collection":[{"href":"http:\/\/fup.gov.ba\/index.php?rest_route=\/wp\/v2\/posts"}],"about":[{"href":"http:\/\/fup.gov.ba\/index.php?rest_route=\/wp\/v2\/types\/post"}],"author":[{"embeddable":true,"href":"http:\/\/fup.gov.ba\/index.php?rest_route=\/wp\/v2\/users\/5"}],"replies":[{"embeddable":true,"href":"http:\/\/fup.gov.ba\/index.php?rest_route=%2Fwp%2Fv2%2Fcomments&post=21855"}],"version-history":[{"count":14,"href":"http:\/\/fup.gov.ba\/index.php?rest_route=\/wp\/v2\/posts\/21855\/revisions"}],"predecessor-version":[{"id":21871,"href":"http:\/\/fup.gov.ba\/index.php?rest_route=\/wp\/v2\/posts\/21855\/revisions\/21871"}],"wp:featuredmedia":[{"embeddable":true,"href":"http:\/\/fup.gov.ba\/index.php?rest_route=\/wp\/v2\/media\/21858"}],"wp:attachment":[{"href":"http:\/\/fup.gov.ba\/index.php?rest_route=%2Fwp%2Fv2%2Fmedia&parent=21855"}],"wp:term":[{"taxonomy":"category","embeddable":true,"href":"http:\/\/fup.gov.ba\/index.php?rest_route=%2Fwp%2Fv2%2Fcategories&post=21855"},{"taxonomy":"post_tag","embeddable":true,"href":"http:\/\/fup.gov.ba\/index.php?rest_route=%2Fwp%2Fv2%2Ftags&post=21855"}],"curies":[{"name":"wp","href":"https:\/\/api.w.org\/{rel}","templated":true}]}}