{"id":21880,"date":"2020-12-23T13:47:52","date_gmt":"2020-12-23T12:47:52","guid":{"rendered":"http:\/\/fup.gov.ba\/?p=21880"},"modified":"2020-12-23T13:48:04","modified_gmt":"2020-12-23T12:48:04","slug":"lisena-slobode-tri-lica-iz-sarajeva-u-sklopu-operativno-takticke-akcije-aperkat","status":"publish","type":"post","link":"http:\/\/fup.gov.ba\/?p=21880","title":{"rendered":"Li\u0161ena slobode tri lica iz Sarajeva u sklopu operativno-takti\u010dke akcije &#8220;APERKAT&#8221;"},"content":{"rendered":"\t\t<div data-elementor-type=\"wp-post\" data-elementor-id=\"21880\" class=\"elementor elementor-21880\" data-elementor-settings=\"[]\">\n\t\t\t\t\t\t<div class=\"elementor-inner\">\n\t\t\t\t\t\t\t<div class=\"elementor-section-wrap\">\n\t\t\t\t\t\t\t<section class=\"has_eae_slider elementor-section elementor-top-section elementor-element elementor-element-46c4b84 elementor-section-boxed elementor-section-height-default elementor-section-height-default\" data-id=\"46c4b84\" data-element_type=\"section\">\n\t\t\t\t\t\t<div class=\"elementor-container elementor-column-gap-default\">\n\t\t\t\t\t\t\t<div class=\"elementor-row\">\n\t\t\t\t\t<div class=\"has_eae_slider elementor-column elementor-col-100 elementor-top-column elementor-element elementor-element-2049dc0\" data-id=\"2049dc0\" data-element_type=\"column\">\n\t\t\t<div class=\"elementor-column-wrap elementor-element-populated\">\n\t\t\t\t\t\t\t<div class=\"elementor-widget-wrap\">\n\t\t\t\t\t\t<div class=\"elementor-element elementor-element-42e8b5d elementor-widget elementor-widget-text-editor\" data-id=\"42e8b5d\" data-element_type=\"widget\" data-widget_type=\"text-editor.default\">\n\t\t\t\t<div class=\"elementor-widget-container\">\n\t\t\t\t\t\t\t\t<div class=\"elementor-text-editor elementor-clearfix\">\n\t\t\t\t<p>Policijski slu\u017ebenici Federalne uprave policije su danas, 23.12.2020. godine pod nadzorom Kantonalnog tu\u017eila\u0161tva Kantona Sarajevo, zapo\u010deli aktivnosti na realizaciji operativno takti\u010dke akcije kodnog naziva \u201eAPERKAT\u201c a vezano za dokumentovanje lica i krivi\u010dnog djela \u201eNeovla\u0161tena proizvodnja i stavljanje u promet opojnih droga\u201c iz \u010dlana 238. stav 2. Krivi\u010dnog Zakona Federacije Bosne i Hercegovine.<\/p><p>U sklopu navedenih aktivnosti, a na osnovu Naredbi Kantonalnog suda u Sarajevu vr\u0161e se pretresi na dvije lokacije na podru\u010dju Kantona Sarajevo, te su li\u0161ena slobode tri lica iz Sarajeva inicijala A.E. (1991.), A.S. (1998.) i J.B.. (2001.) zbog postojanja osnova sumnje na izvr\u0161enje navedenog krivi\u010dng djela. Lice A.E. je ranije poznato policijskim i pravosudnim organima kao vi\u0161estuki povratnik u vr\u0161enju krivi\u010dnih djela, zbog \u010dega je vi\u0161e puta osu\u0111ivano.<\/p><p>Navedena lica se sumnji\u010de da su du\u017ei vremenski period na podru\u010dju Kantona Sarajevo s ciljem pribavljanja protivpravne imovinske koristi, kontinuirano vr\u0161ila nabavku i preprodaju opojne droge \u201eCanabis Sativa L\u201c, \u201eAmfetamin\u201c.<\/p><p>U toku ove tromje\u0161e\u010dne istrage policijski slu\u017ebenici su na podru\u010dju Kantona Sarajevo li\u0161ili slobode 10 lica kod kojih je priliko pretresa prona\u0111ena opojna droga koju su isti kupili od strane osumnji\u010denih koji su li\u0161eni slobode u dana\u0161njoj akciji.<\/p><p>Dosada\u0161njom istragom i prilikom pretresa je prona\u0111ena odre\u0111ena koli\u010dina materije koja svojim izgledom asocira na opojnu drogu \u201eCanabis Sativa L\u201c, \u201eAmfetamin\u201c, drobilica, sredstva za pakovanje i vaganje, mobilni telefonski aparati i sim kartice, te drugi predmeti koji poti\u010du ili se dovode u vezu sa predmetnim krivi\u010dnim djelima. Kod lica A.E. je prilikom dana\u0161njeg pretresa pored ostalog prona\u0111eno i oduzeto cca. 40 paketi\u0107a opojne droge spremne za uli\u010dnu prodaju.<br \/>Lica li\u0161ena slobode \u0107e nakon kriminalisti\u010dke obrade u Federalnoj upravi policije i zakonskom roku biti predata na dalju nadle\u017enost Kantonalnom tu\u017eila\u0161tvu kantona Sarajevo uz Izvje\u0161taj o izvr\u0161enim krivi\u010dnim djelima.<\/p><p>Nastavljaju je aktivnosti na realizaciji ove operativne akcije.<\/p>\t\t\t\t\t<\/div>\n\t\t\t\t\t\t<\/div>\n\t\t\t\t<\/div>\n\t\t\t\t\t\t<\/div>\n\t\t\t\t\t<\/div>\n\t\t<\/div>\n\t\t\t\t\t\t\t\t<\/div>\n\t\t\t\t\t<\/div>\n\t\t<\/section>\n\t\t\t\t<section class=\"has_eae_slider elementor-section elementor-top-section elementor-element elementor-element-69c2ab4 elementor-section-boxed elementor-section-height-default elementor-section-height-default\" data-id=\"69c2ab4\" data-element_type=\"section\">\n\t\t\t\t\t\t<div class=\"elementor-container elementor-column-gap-default\">\n\t\t\t\t\t\t\t<div class=\"elementor-row\">\n\t\t\t\t\t<div class=\"has_eae_slider elementor-column elementor-col-100 elementor-top-column elementor-element elementor-element-b76024f\" data-id=\"b76024f\" data-element_type=\"column\">\n\t\t\t<div class=\"elementor-column-wrap elementor-element-populated\">\n\t\t\t\t\t\t\t<div class=\"elementor-widget-wrap\">\n\t\t\t\t\t\t<div class=\"elementor-element elementor-element-d62f0e2 elementor-widget elementor-widget-image-gallery\" data-id=\"d62f0e2\" data-element_type=\"widget\" data-widget_type=\"image-gallery.default\">\n\t\t\t\t<div class=\"elementor-widget-container\">\n\t\t\t\t\t<div class=\"elementor-image-gallery\">\n\t\t\t<div id='gallery-1' class='gallery galleryid-21880 gallery-columns-2 gallery-size-medium_large'><figure class='gallery-item'>\n\t\t\t<div class='gallery-icon portrait'>\n\t\t\t\t<a data-elementor-open-lightbox=\"yes\" data-elementor-lightbox-slideshow=\"d62f0e2\" data-elementor-lightbox-title=\"Aperkat_1\" href='http:\/\/fup.gov.ba\/wp-content\/uploads\/2020\/07\/Aperkat_1.jpg'><img width=\"600\" height=\"900\" src=\"http:\/\/fup.gov.ba\/wp-content\/uploads\/2020\/07\/Aperkat_1.jpg\" class=\"attachment-medium_large size-medium_large\" alt=\"\" loading=\"lazy\" srcset=\"http:\/\/fup.gov.ba\/wp-content\/uploads\/2020\/07\/Aperkat_1.jpg 600w, http:\/\/fup.gov.ba\/wp-content\/uploads\/2020\/07\/Aperkat_1-200x300.jpg 200w, http:\/\/fup.gov.ba\/wp-content\/uploads\/2020\/07\/Aperkat_1-350x525.jpg 350w\" sizes=\"(max-width: 600px) 100vw, 600px\" \/><\/a>\n\t\t\t<\/div><\/figure><figure class='gallery-item'>\n\t\t\t<div class='gallery-icon portrait'>\n\t\t\t\t<a data-elementor-open-lightbox=\"yes\" data-elementor-lightbox-slideshow=\"d62f0e2\" data-elementor-lightbox-title=\"Aperkat_2\" href='http:\/\/fup.gov.ba\/wp-content\/uploads\/2020\/07\/Aperkat_2.jpg'><img width=\"600\" height=\"900\" src=\"http:\/\/fup.gov.ba\/wp-content\/uploads\/2020\/07\/Aperkat_2.jpg\" class=\"attachment-medium_large size-medium_large\" alt=\"\" loading=\"lazy\" srcset=\"http:\/\/fup.gov.ba\/wp-content\/uploads\/2020\/07\/Aperkat_2.jpg 600w, http:\/\/fup.gov.ba\/wp-content\/uploads\/2020\/07\/Aperkat_2-200x300.jpg 200w, http:\/\/fup.gov.ba\/wp-content\/uploads\/2020\/07\/Aperkat_2-350x525.jpg 350w\" sizes=\"(max-width: 600px) 100vw, 600px\" \/><\/a>\n\t\t\t<\/div><\/figure><figure class='gallery-item'>\n\t\t\t<div class='gallery-icon portrait'>\n\t\t\t\t<a data-elementor-open-lightbox=\"yes\" data-elementor-lightbox-slideshow=\"d62f0e2\" data-elementor-lightbox-title=\"Aperkat_3\" href='http:\/\/fup.gov.ba\/wp-content\/uploads\/2020\/07\/Aperkat_3.jpg'><img width=\"600\" height=\"900\" src=\"http:\/\/fup.gov.ba\/wp-content\/uploads\/2020\/07\/Aperkat_3.jpg\" class=\"attachment-medium_large size-medium_large\" alt=\"\" loading=\"lazy\" srcset=\"http:\/\/fup.gov.ba\/wp-content\/uploads\/2020\/07\/Aperkat_3.jpg 600w, http:\/\/fup.gov.ba\/wp-content\/uploads\/2020\/07\/Aperkat_3-200x300.jpg 200w, http:\/\/fup.gov.ba\/wp-content\/uploads\/2020\/07\/Aperkat_3-350x525.jpg 350w\" sizes=\"(max-width: 600px) 100vw, 600px\" \/><\/a>\n\t\t\t<\/div><\/figure><figure class='gallery-item'>\n\t\t\t<div class='gallery-icon portrait'>\n\t\t\t\t<a data-elementor-open-lightbox=\"yes\" data-elementor-lightbox-slideshow=\"d62f0e2\" data-elementor-lightbox-title=\"Aperkat_4\" href='http:\/\/fup.gov.ba\/wp-content\/uploads\/2020\/07\/Aperkat_4.jpg'><img width=\"600\" height=\"900\" src=\"http:\/\/fup.gov.ba\/wp-content\/uploads\/2020\/07\/Aperkat_4.jpg\" class=\"attachment-medium_large size-medium_large\" alt=\"\" loading=\"lazy\" srcset=\"http:\/\/fup.gov.ba\/wp-content\/uploads\/2020\/07\/Aperkat_4.jpg 600w, http:\/\/fup.gov.ba\/wp-content\/uploads\/2020\/07\/Aperkat_4-200x300.jpg 200w, http:\/\/fup.gov.ba\/wp-content\/uploads\/2020\/07\/Aperkat_4-350x525.jpg 350w\" sizes=\"(max-width: 600px) 100vw, 600px\" \/><\/a>\n\t\t\t<\/div><\/figure>\n\t\t<\/div>\n\t\t<\/div>\n\t\t\t\t<\/div>\n\t\t\t\t<\/div>\n\t\t\t\t\t\t<\/div>\n\t\t\t\t\t<\/div>\n\t\t<\/div>\n\t\t\t\t\t\t\t\t<\/div>\n\t\t\t\t\t<\/div>\n\t\t<\/section>\n\t\t\t\t\t\t<\/div>\n\t\t\t\t\t\t<\/div>\n\t\t\t\t\t<\/div>\n\t\t","protected":false},"excerpt":{"rendered":"<p>Policijski slu\u017ebenici Federalne uprave policije su danas, 23.12.2020. godine pod nadzorom Kantonalnog tu\u017eila\u0161tva Kantona Sarajevo, zapo\u010deli aktivnosti na realizaciji operativno takti\u010dke akcije kodnog naziva \u201eAPERKAT\u201c a vezano za dokumentovanje lica i krivi\u010dnog djela \u201eNeovla\u0161tena proizvodnja i stavljanje u promet opojnih droga\u201c iz \u010dlana 238. stav 2. Krivi\u010dnog Zakona Federacije Bosne i Hercegovine. U sklopu navedenih &hellip;<\/p>\n<p class=\"read-more\"> <a class=\"\" href=\"http:\/\/fup.gov.ba\/?p=21880\"> <span class=\"screen-reader-text\">Li\u0161ena slobode tri lica iz Sarajeva u sklopu operativno-takti\u010dke akcije &#8220;APERKAT&#8221;<\/span> Read More &raquo;<\/a><\/p>\n","protected":false},"author":5,"featured_media":21885,"comment_status":"closed","ping_status":"open","sticky":false,"template":"","format":"standard","meta":{"spay_email":""},"categories":[81,6],"tags":[],"jetpack_featured_media_url":"http:\/\/fup.gov.ba\/wp-content\/uploads\/2020\/12\/Aperkat_0.jpg","_links":{"self":[{"href":"http:\/\/fup.gov.ba\/index.php?rest_route=\/wp\/v2\/posts\/21880"}],"collection":[{"href":"http:\/\/fup.gov.ba\/index.php?rest_route=\/wp\/v2\/posts"}],"about":[{"href":"http:\/\/fup.gov.ba\/index.php?rest_route=\/wp\/v2\/types\/post"}],"author":[{"embeddable":true,"href":"http:\/\/fup.gov.ba\/index.php?rest_route=\/wp\/v2\/users\/5"}],"replies":[{"embeddable":true,"href":"http:\/\/fup.gov.ba\/index.php?rest_route=%2Fwp%2Fv2%2Fcomments&post=21880"}],"version-history":[{"count":6,"href":"http:\/\/fup.gov.ba\/index.php?rest_route=\/wp\/v2\/posts\/21880\/revisions"}],"predecessor-version":[{"id":21891,"href":"http:\/\/fup.gov.ba\/index.php?rest_route=\/wp\/v2\/posts\/21880\/revisions\/21891"}],"wp:featuredmedia":[{"embeddable":true,"href":"http:\/\/fup.gov.ba\/index.php?rest_route=\/wp\/v2\/media\/21885"}],"wp:attachment":[{"href":"http:\/\/fup.gov.ba\/index.php?rest_route=%2Fwp%2Fv2%2Fmedia&parent=21880"}],"wp:term":[{"taxonomy":"category","embeddable":true,"href":"http:\/\/fup.gov.ba\/index.php?rest_route=%2Fwp%2Fv2%2Fcategories&post=21880"},{"taxonomy":"post_tag","embeddable":true,"href":"http:\/\/fup.gov.ba\/index.php?rest_route=%2Fwp%2Fv2%2Ftags&post=21880"}],"curies":[{"name":"wp","href":"https:\/\/api.w.org\/{rel}","templated":true}]}}