{"id":21892,"date":"2020-12-23T13:56:49","date_gmt":"2020-12-23T12:56:49","guid":{"rendered":"http:\/\/fup.gov.ba\/?p=21892"},"modified":"2020-12-23T14:03:09","modified_gmt":"2020-12-23T13:03:09","slug":"lisena-slobode-cetiri-policijska-sluzbenika-mup-a-usk-zbog-kd-spolni-odnosaj-s-nemocnom-osobom","status":"publish","type":"post","link":"http:\/\/fup.gov.ba\/?p=21892","title":{"rendered":"Li\u0161ena slobode \u010detiri policijska slu\u017ebenika MUP-a USK zbog KD &#8220;Spolni odno\u0161aj s nemo\u0107nom osobom&#8221;"},"content":{"rendered":"\t\t<div data-elementor-type=\"wp-post\" data-elementor-id=\"21892\" class=\"elementor elementor-21892\" data-elementor-settings=\"[]\">\n\t\t\t\t\t\t<div class=\"elementor-inner\">\n\t\t\t\t\t\t\t<div class=\"elementor-section-wrap\">\n\t\t\t\t\t\t\t<section class=\"has_eae_slider elementor-section elementor-top-section elementor-element elementor-element-ed2afdc elementor-section-boxed elementor-section-height-default elementor-section-height-default\" data-id=\"ed2afdc\" data-element_type=\"section\">\n\t\t\t\t\t\t<div class=\"elementor-container elementor-column-gap-default\">\n\t\t\t\t\t\t\t<div class=\"elementor-row\">\n\t\t\t\t\t<div class=\"has_eae_slider elementor-column elementor-col-100 elementor-top-column elementor-element elementor-element-688d71a\" data-id=\"688d71a\" data-element_type=\"column\">\n\t\t\t<div class=\"elementor-column-wrap elementor-element-populated\">\n\t\t\t\t\t\t\t<div class=\"elementor-widget-wrap\">\n\t\t\t\t\t\t<div class=\"elementor-element elementor-element-5ea649c elementor-widget elementor-widget-text-editor\" data-id=\"5ea649c\" data-element_type=\"widget\" data-widget_type=\"text-editor.default\">\n\t\t\t\t<div class=\"elementor-widget-container\">\n\t\t\t\t\t\t\t\t<div class=\"elementor-text-editor elementor-clearfix\">\n\t\t\t\t<p>Policijski slu\u017ebenici Federalne uprave policije su danas, 23.12.2020. godine postupaju\u0107i po Naredbi Kantonalnog tu\u017eila\u0161tva Unsko-sanskog kantona, li\u0161ili slobode \u010detiri policijska slu\u017ebenika Ministarstva unutra\u0161njih poslova Unsko-sanskog kantona zbog postojanja osnova sumnje da su po\u010dinili krivi\u010dno djelo \u201eSpolni odno\u0161aj sa nemo\u0107nom osobom\u201c iz \u010dlana 204. stav 3. Krivi\u010dnog Zakona Federacije Bosne i Hercegovine.<\/p>\n<p>Obzirom da se radi o veoma slo\u017eenom i osjetljivom slu\u010daju, sve informacije u vezi sa istim dat \u0107e Kantonalno tu\u017eila\u0161tvo Unsko-sanskog kantona pod \u010dijim nadzorom je provo\u0111ena predmetna istraga.<\/p>\n<p>Asistenciju prilikom dana\u0161njih aktivnosti pripadnicima Federalne uprave policije pru\u017eilo je Ministarstvo unutra\u0161njih poslova Unsko-sanskog kantona.<\/p>\t\t\t\t\t<\/div>\n\t\t\t\t\t\t<\/div>\n\t\t\t\t<\/div>\n\t\t\t\t\t\t<\/div>\n\t\t\t\t\t<\/div>\n\t\t<\/div>\n\t\t\t\t\t\t\t\t<\/div>\n\t\t\t\t\t<\/div>\n\t\t<\/section>\n\t\t\t\t\t\t<\/div>\n\t\t\t\t\t\t<\/div>\n\t\t\t\t\t<\/div>\n\t\t","protected":false},"excerpt":{"rendered":"<p>Policijski slu\u017ebenici Federalne uprave policije su danas, 23.12.2020. godine postupaju\u0107i po Naredbi Kantonalnog tu\u017eila\u0161tva Unsko-sanskog kantona, li\u0161ili slobode \u010detiri policijska slu\u017ebenika Ministarstva unutra\u0161njih poslova Unsko-sanskog kantona zbog postojanja osnova sumnje da su po\u010dinili krivi\u010dno djelo \u201eSpolni odno\u0161aj sa nemo\u0107nom osobom\u201c iz \u010dlana 204. stav 3. Krivi\u010dnog Zakona Federacije Bosne i Hercegovine. Obzirom da se radi &hellip;<\/p>\n<p class=\"read-more\"> <a class=\"\" href=\"http:\/\/fup.gov.ba\/?p=21892\"> <span class=\"screen-reader-text\">Li\u0161ena slobode \u010detiri policijska slu\u017ebenika MUP-a USK zbog KD &#8220;Spolni odno\u0161aj s nemo\u0107nom osobom&#8221;<\/span> Read More &raquo;<\/a><\/p>\n","protected":false},"author":5,"featured_media":21893,"comment_status":"closed","ping_status":"open","sticky":false,"template":"","format":"standard","meta":{"spay_email":""},"categories":[81,6],"tags":[],"jetpack_featured_media_url":"http:\/\/fup.gov.ba\/wp-content\/uploads\/2020\/12\/Lisice.jpg","_links":{"self":[{"href":"http:\/\/fup.gov.ba\/index.php?rest_route=\/wp\/v2\/posts\/21892"}],"collection":[{"href":"http:\/\/fup.gov.ba\/index.php?rest_route=\/wp\/v2\/posts"}],"about":[{"href":"http:\/\/fup.gov.ba\/index.php?rest_route=\/wp\/v2\/types\/post"}],"author":[{"embeddable":true,"href":"http:\/\/fup.gov.ba\/index.php?rest_route=\/wp\/v2\/users\/5"}],"replies":[{"embeddable":true,"href":"http:\/\/fup.gov.ba\/index.php?rest_route=%2Fwp%2Fv2%2Fcomments&post=21892"}],"version-history":[{"count":13,"href":"http:\/\/fup.gov.ba\/index.php?rest_route=\/wp\/v2\/posts\/21892\/revisions"}],"predecessor-version":[{"id":21908,"href":"http:\/\/fup.gov.ba\/index.php?rest_route=\/wp\/v2\/posts\/21892\/revisions\/21908"}],"wp:featuredmedia":[{"embeddable":true,"href":"http:\/\/fup.gov.ba\/index.php?rest_route=\/wp\/v2\/media\/21893"}],"wp:attachment":[{"href":"http:\/\/fup.gov.ba\/index.php?rest_route=%2Fwp%2Fv2%2Fmedia&parent=21892"}],"wp:term":[{"taxonomy":"category","embeddable":true,"href":"http:\/\/fup.gov.ba\/index.php?rest_route=%2Fwp%2Fv2%2Fcategories&post=21892"},{"taxonomy":"post_tag","embeddable":true,"href":"http:\/\/fup.gov.ba\/index.php?rest_route=%2Fwp%2Fv2%2Ftags&post=21892"}],"curies":[{"name":"wp","href":"https:\/\/api.w.org\/{rel}","templated":true}]}}