{"id":21911,"date":"2020-12-24T08:15:02","date_gmt":"2020-12-24T07:15:02","guid":{"rendered":"http:\/\/fup.gov.ba\/?p=21911"},"modified":"2020-12-24T08:15:02","modified_gmt":"2020-12-24T07:15:02","slug":"bilten-za-dan-23-24-12-2020-godine","status":"publish","type":"post","link":"http:\/\/fup.gov.ba\/?p=21911","title":{"rendered":"Bilten za dan 23\/24.12.2020. godine"},"content":{"rendered":"<p>Na osnovu izvje\u0161taja operativnih centara kantonalnih ministarstava unutarnjih poslova i Federalne uprave policije, tokom navedenog perioda na podru\u010dju Federacije Bosne i Hercegovine\u00a0registrovano je:<!--more--><\/p>\n<p><strong>35<\/strong> <strong>krivi\u010dnih djela<\/strong> i to:<\/p>\n<ul>\n<li>jedno razbojni\u0161tvo;<\/li>\n<li>dva nasilja u porodici;<\/li>\n<li>jedno o\u0161te\u0107enje tu\u0111e stvari;<\/li>\n<li>jedno ugro\u017eavanje sigurnosti;<\/li>\n<li>dva izazivanja op\u0107e opasnosti;<\/li>\n<li>dvije te\u0161ke kra\u0111e motornih vozila;<\/li>\n<li>osam te\u0161kih kra\u0111a;<\/li>\n<li>tri kra\u0111e;<\/li>\n<li>15 ostalih krivi\u010dnih djela;<\/li>\n<\/ul>\n<p><strong>111 naru\u0161avanja javnog reda i mira<\/strong>, u kojima su tri lica zadobilo lak\u0161e tjelesne povrede.<\/p>\n<p><strong>63 saobra\u0107ajne nezgode<\/strong>, u kojima je \u0161est lica zadobilo te\u017ee, a 15 lica lak\u0161e tjelesne povrede, dok za tri lica nije utvr\u0111en stepen tjelesnih povreda.<\/p>\n<p><strong>24 lica su li\u0161ena slobode, a 19 lica je zadr\u017eano.<\/strong><\/p>\n","protected":false},"excerpt":{"rendered":"<p>Na osnovu izvje\u0161taja operativnih centara kantonalnih ministarstava unutarnjih poslova i Federalne uprave policije, tokom navedenog perioda na podru\u010dju Federacije Bosne i Hercegovine\u00a0registrovano je:<\/p>\n","protected":false},"author":5,"featured_media":0,"comment_status":"closed","ping_status":"open","sticky":false,"template":"","format":"standard","meta":{"spay_email":""},"categories":[81,5],"tags":[],"jetpack_featured_media_url":"","_links":{"self":[{"href":"http:\/\/fup.gov.ba\/index.php?rest_route=\/wp\/v2\/posts\/21911"}],"collection":[{"href":"http:\/\/fup.gov.ba\/index.php?rest_route=\/wp\/v2\/posts"}],"about":[{"href":"http:\/\/fup.gov.ba\/index.php?rest_route=\/wp\/v2\/types\/post"}],"author":[{"embeddable":true,"href":"http:\/\/fup.gov.ba\/index.php?rest_route=\/wp\/v2\/users\/5"}],"replies":[{"embeddable":true,"href":"http:\/\/fup.gov.ba\/index.php?rest_route=%2Fwp%2Fv2%2Fcomments&post=21911"}],"version-history":[{"count":1,"href":"http:\/\/fup.gov.ba\/index.php?rest_route=\/wp\/v2\/posts\/21911\/revisions"}],"predecessor-version":[{"id":21912,"href":"http:\/\/fup.gov.ba\/index.php?rest_route=\/wp\/v2\/posts\/21911\/revisions\/21912"}],"wp:attachment":[{"href":"http:\/\/fup.gov.ba\/index.php?rest_route=%2Fwp%2Fv2%2Fmedia&parent=21911"}],"wp:term":[{"taxonomy":"category","embeddable":true,"href":"http:\/\/fup.gov.ba\/index.php?rest_route=%2Fwp%2Fv2%2Fcategories&post=21911"},{"taxonomy":"post_tag","embeddable":true,"href":"http:\/\/fup.gov.ba\/index.php?rest_route=%2Fwp%2Fv2%2Ftags&post=21911"}],"curies":[{"name":"wp","href":"https:\/\/api.w.org\/{rel}","templated":true}]}}