{"id":21956,"date":"2020-12-29T14:55:52","date_gmt":"2020-12-29T13:55:52","guid":{"rendered":"http:\/\/fup.gov.ba\/?p=21956"},"modified":"2020-12-29T14:55:52","modified_gmt":"2020-12-29T13:55:52","slug":"u-nastavku-ota-aperkat-liseno-slobode-jos-jedno-lice-zbog-kd-neovlastena-proizvodnja-i-stavljanje-u-promet-opojnih-droga","status":"publish","type":"post","link":"http:\/\/fup.gov.ba\/?p=21956","title":{"rendered":"U nastavku OTA &#8220;Aperkat&#8221; li\u0161eno slobode jo\u0161 jedno lice zbog KD \u201eNeovla\u0161tena proizvodnja i stavljanje u promet opojnih droga\u201c"},"content":{"rendered":"\t\t<div data-elementor-type=\"wp-post\" data-elementor-id=\"21956\" class=\"elementor elementor-21956\" data-elementor-settings=\"[]\">\n\t\t\t\t\t\t<div class=\"elementor-inner\">\n\t\t\t\t\t\t\t<div class=\"elementor-section-wrap\">\n\t\t\t\t\t\t\t<section class=\"has_eae_slider elementor-section elementor-top-section elementor-element elementor-element-28205ae elementor-section-boxed elementor-section-height-default elementor-section-height-default\" data-id=\"28205ae\" data-element_type=\"section\">\n\t\t\t\t\t\t<div class=\"elementor-container elementor-column-gap-default\">\n\t\t\t\t\t\t\t<div class=\"elementor-row\">\n\t\t\t\t\t<div class=\"has_eae_slider elementor-column elementor-col-100 elementor-top-column elementor-element elementor-element-96de5ee\" data-id=\"96de5ee\" data-element_type=\"column\">\n\t\t\t<div class=\"elementor-column-wrap elementor-element-populated\">\n\t\t\t\t\t\t\t<div class=\"elementor-widget-wrap\">\n\t\t\t\t\t\t<div class=\"elementor-element elementor-element-28f938b elementor-widget elementor-widget-text-editor\" data-id=\"28f938b\" data-element_type=\"widget\" data-widget_type=\"text-editor.default\">\n\t\t\t\t<div class=\"elementor-widget-container\">\n\t\t\t\t\t\t\t\t<div class=\"elementor-text-editor elementor-clearfix\">\n\t\t\t\t<p>U nastavku operativno takti\u010dke akcije kodnog naziva \u201eAperkat\u201c policijski slu\u017ebenici Federalne uprave policije su danas, 29.12.2020. godine pod nadzorom Kantonalnog tu\u017eila\u0161tva Kantona Sarajevo, li\u0161ili su slobode jo\u0161 jedno lice iz Sarajeva inicijala D.K. (1974.) vezano za krivi\u010dno djelo \u201eNeovla\u0161tena proizvodnja i stavljanje u promet opojnih droga\u201c iz \u010dlana 238. stav 2. Krivi\u010dnog Zakona Federacije Bosne i Hercegovine.<\/p><p>U sklopu navedenih aktivnosti, a na osnovu Naredbi Kantonalnog suda u Sarajevu izvr\u0161en je pretres stambenih prostorija koje koristi osumnji\u010deni na podru\u010dju Kantona Sarajevo, kojom prilikom je prona\u0111eno cca. 100 gr materije koja svojim izgledom asocira na opojnu drogu \u201eKokain\u201c, vaga za precizno vaganje, odre\u0111ena koli\u010dina novca, mobilni tel. aparat i sim kartica, te drugi predmet koji poti\u010du ili dovode u vezu sa predmetnim krivi\u010dnim djelom.<\/p><p>Lice D.K. \u0107e nakon kriminalisti\u010dke obrade u Federalnoj upravi policije i zakonskom roku biti predata na dalju nadle\u017enost Kantonalnom tu\u017eila\u0161tvu kantona Sarajevo uz Izvje\u0161taj o izvr\u0161enim krivi\u010dnim djelima.<\/p><p>Podsje\u0107amo, u sklopu navedenih aktivnosti, dana 23.12.2020. godine li\u0161ena su slobode tri lica iz Sarajeva inicijala A.E. (1991.), A.S. (1998.) i J.B. (2001.), kod kojih je prilikom pretresa prona\u0111ena i oduzeta odre\u0111ena koli\u010dina materije koja svojim izgledom asocira na opojnu drogu \u201eCanabis Sativa L\u201c, \u201eAmfetamin\u201c, drobilica, sredstva za pakovanje i vaganje, mobilni telefonski aparati i sim kartice, te drugi predmeti koji poti\u010du ili se dovode u vezu sa predmetnim krivi\u010dnim djelima. U toku ove tromje\u0161e\u010dne istrage policijski slu\u017ebenici su na podru\u010dju Kantona Sarajevo li\u0161ili slobode 10 lica kod kojih je priliko pretresa prona\u0111ena opojna droga koju su isti kupili od strane osumnji\u010denih koji su li\u0161eni slobode u dana\u0161njoj akciji.<\/p>\t\t\t\t\t<\/div>\n\t\t\t\t\t\t<\/div>\n\t\t\t\t<\/div>\n\t\t\t\t\t\t<\/div>\n\t\t\t\t\t<\/div>\n\t\t<\/div>\n\t\t\t\t\t\t\t\t<\/div>\n\t\t\t\t\t<\/div>\n\t\t<\/section>\n\t\t\t\t<section class=\"has_eae_slider elementor-section elementor-top-section elementor-element elementor-element-230ace6 elementor-section-boxed elementor-section-height-default elementor-section-height-default\" data-id=\"230ace6\" data-element_type=\"section\">\n\t\t\t\t\t\t<div class=\"elementor-container elementor-column-gap-default\">\n\t\t\t\t\t\t\t<div class=\"elementor-row\">\n\t\t\t\t\t<div class=\"has_eae_slider elementor-column elementor-col-100 elementor-top-column elementor-element elementor-element-b0ffbc8\" data-id=\"b0ffbc8\" data-element_type=\"column\">\n\t\t\t<div class=\"elementor-column-wrap elementor-element-populated\">\n\t\t\t\t\t\t\t<div class=\"elementor-widget-wrap\">\n\t\t\t\t\t\t<div class=\"elementor-element elementor-element-b79e28d elementor-widget elementor-widget-image-gallery\" data-id=\"b79e28d\" data-element_type=\"widget\" data-widget_type=\"image-gallery.default\">\n\t\t\t\t<div class=\"elementor-widget-container\">\n\t\t\t\t\t<div class=\"elementor-image-gallery\">\n\t\t\t<div id='gallery-1' class='gallery galleryid-21956 gallery-columns-1 gallery-size-medium_large'><figure class='gallery-item'>\n\t\t\t<div class='gallery-icon landscape'>\n\t\t\t\t<a data-elementor-open-lightbox=\"yes\" data-elementor-lightbox-slideshow=\"b79e28d\" data-elementor-lightbox-title=\"Aperkat 29.12.2020_0\" href='http:\/\/fup.gov.ba\/wp-content\/uploads\/2020\/12\/Aperkat-29.12.2020_0.jpg'><img width=\"768\" height=\"512\" src=\"http:\/\/fup.gov.ba\/wp-content\/uploads\/2020\/12\/Aperkat-29.12.2020_0-768x512.jpg\" class=\"attachment-medium_large size-medium_large\" alt=\"\" loading=\"lazy\" srcset=\"http:\/\/fup.gov.ba\/wp-content\/uploads\/2020\/12\/Aperkat-29.12.2020_0-768x512.jpg 768w, http:\/\/fup.gov.ba\/wp-content\/uploads\/2020\/12\/Aperkat-29.12.2020_0-300x200.jpg 300w, http:\/\/fup.gov.ba\/wp-content\/uploads\/2020\/12\/Aperkat-29.12.2020_0-350x233.jpg 350w, http:\/\/fup.gov.ba\/wp-content\/uploads\/2020\/12\/Aperkat-29.12.2020_0.jpg 900w\" sizes=\"(max-width: 768px) 100vw, 768px\" \/><\/a>\n\t\t\t<\/div><\/figure><figure class='gallery-item'>\n\t\t\t<div class='gallery-icon landscape'>\n\t\t\t\t<a data-elementor-open-lightbox=\"yes\" data-elementor-lightbox-slideshow=\"b79e28d\" data-elementor-lightbox-title=\"Aperkat 29.12.2020_1\" href='http:\/\/fup.gov.ba\/wp-content\/uploads\/2020\/12\/Aperkat-29.12.2020_1.jpg'><img width=\"768\" height=\"512\" src=\"http:\/\/fup.gov.ba\/wp-content\/uploads\/2020\/12\/Aperkat-29.12.2020_1-768x512.jpg\" class=\"attachment-medium_large size-medium_large\" alt=\"\" loading=\"lazy\" srcset=\"http:\/\/fup.gov.ba\/wp-content\/uploads\/2020\/12\/Aperkat-29.12.2020_1-768x512.jpg 768w, http:\/\/fup.gov.ba\/wp-content\/uploads\/2020\/12\/Aperkat-29.12.2020_1-300x200.jpg 300w, http:\/\/fup.gov.ba\/wp-content\/uploads\/2020\/12\/Aperkat-29.12.2020_1-350x233.jpg 350w, http:\/\/fup.gov.ba\/wp-content\/uploads\/2020\/12\/Aperkat-29.12.2020_1.jpg 900w\" sizes=\"(max-width: 768px) 100vw, 768px\" \/><\/a>\n\t\t\t<\/div><\/figure><figure class='gallery-item'>\n\t\t\t<div class='gallery-icon portrait'>\n\t\t\t\t<a data-elementor-open-lightbox=\"yes\" data-elementor-lightbox-slideshow=\"b79e28d\" data-elementor-lightbox-title=\"Aperkat 29.12.2020_2\" href='http:\/\/fup.gov.ba\/wp-content\/uploads\/2020\/12\/Aperkat-29.12.2020_2.jpg'><img width=\"600\" height=\"900\" src=\"http:\/\/fup.gov.ba\/wp-content\/uploads\/2020\/12\/Aperkat-29.12.2020_2.jpg\" class=\"attachment-medium_large size-medium_large\" alt=\"\" loading=\"lazy\" srcset=\"http:\/\/fup.gov.ba\/wp-content\/uploads\/2020\/12\/Aperkat-29.12.2020_2.jpg 600w, http:\/\/fup.gov.ba\/wp-content\/uploads\/2020\/12\/Aperkat-29.12.2020_2-200x300.jpg 200w, http:\/\/fup.gov.ba\/wp-content\/uploads\/2020\/12\/Aperkat-29.12.2020_2-350x525.jpg 350w\" sizes=\"(max-width: 600px) 100vw, 600px\" \/><\/a>\n\t\t\t<\/div><\/figure><figure class='gallery-item'>\n\t\t\t<div class='gallery-icon portrait'>\n\t\t\t\t<a data-elementor-open-lightbox=\"yes\" data-elementor-lightbox-slideshow=\"b79e28d\" data-elementor-lightbox-title=\"Aperkat 29.12.2020_3\" href='http:\/\/fup.gov.ba\/wp-content\/uploads\/2020\/12\/Aperkat-29.12.2020_3.jpg'><img width=\"600\" height=\"900\" src=\"http:\/\/fup.gov.ba\/wp-content\/uploads\/2020\/12\/Aperkat-29.12.2020_3.jpg\" class=\"attachment-medium_large size-medium_large\" alt=\"\" loading=\"lazy\" srcset=\"http:\/\/fup.gov.ba\/wp-content\/uploads\/2020\/12\/Aperkat-29.12.2020_3.jpg 600w, http:\/\/fup.gov.ba\/wp-content\/uploads\/2020\/12\/Aperkat-29.12.2020_3-200x300.jpg 200w, http:\/\/fup.gov.ba\/wp-content\/uploads\/2020\/12\/Aperkat-29.12.2020_3-350x525.jpg 350w\" sizes=\"(max-width: 600px) 100vw, 600px\" \/><\/a>\n\t\t\t<\/div><\/figure><figure class='gallery-item'>\n\t\t\t<div class='gallery-icon portrait'>\n\t\t\t\t<a data-elementor-open-lightbox=\"yes\" data-elementor-lightbox-slideshow=\"b79e28d\" data-elementor-lightbox-title=\"Aperkat 29.12.2020_4\" href='http:\/\/fup.gov.ba\/wp-content\/uploads\/2020\/12\/Aperkat-29.12.2020_4.jpg'><img width=\"600\" height=\"900\" src=\"http:\/\/fup.gov.ba\/wp-content\/uploads\/2020\/12\/Aperkat-29.12.2020_4.jpg\" class=\"attachment-medium_large size-medium_large\" alt=\"\" loading=\"lazy\" srcset=\"http:\/\/fup.gov.ba\/wp-content\/uploads\/2020\/12\/Aperkat-29.12.2020_4.jpg 600w, http:\/\/fup.gov.ba\/wp-content\/uploads\/2020\/12\/Aperkat-29.12.2020_4-200x300.jpg 200w, http:\/\/fup.gov.ba\/wp-content\/uploads\/2020\/12\/Aperkat-29.12.2020_4-350x525.jpg 350w\" sizes=\"(max-width: 600px) 100vw, 600px\" \/><\/a>\n\t\t\t<\/div><\/figure>\n\t\t<\/div>\n\t\t<\/div>\n\t\t\t\t<\/div>\n\t\t\t\t<\/div>\n\t\t\t\t\t\t<\/div>\n\t\t\t\t\t<\/div>\n\t\t<\/div>\n\t\t\t\t\t\t\t\t<\/div>\n\t\t\t\t\t<\/div>\n\t\t<\/section>\n\t\t\t\t\t\t<\/div>\n\t\t\t\t\t\t<\/div>\n\t\t\t\t\t<\/div>\n\t\t","protected":false},"excerpt":{"rendered":"<p>U nastavku operativno takti\u010dke akcije kodnog naziva \u201eAperkat\u201c policijski slu\u017ebenici Federalne uprave policije su danas, 29.12.2020. godine pod nadzorom Kantonalnog tu\u017eila\u0161tva Kantona Sarajevo, li\u0161ili su slobode jo\u0161 jedno lice iz Sarajeva inicijala D.K. (1974.) vezano za krivi\u010dno djelo \u201eNeovla\u0161tena proizvodnja i stavljanje u promet opojnih droga\u201c iz \u010dlana 238. stav 2. Krivi\u010dnog Zakona Federacije Bosne &hellip;<\/p>\n<p class=\"read-more\"> <a class=\"\" href=\"http:\/\/fup.gov.ba\/?p=21956\"> <span class=\"screen-reader-text\">U nastavku OTA &#8220;Aperkat&#8221; li\u0161eno slobode jo\u0161 jedno lice zbog KD \u201eNeovla\u0161tena proizvodnja i stavljanje u promet opojnih droga\u201c<\/span> Read More &raquo;<\/a><\/p>\n","protected":false},"author":5,"featured_media":21957,"comment_status":"closed","ping_status":"open","sticky":false,"template":"","format":"standard","meta":{"spay_email":""},"categories":[81,6],"tags":[],"jetpack_featured_media_url":"http:\/\/fup.gov.ba\/wp-content\/uploads\/2020\/12\/Aperkat-29.12.2020_0.jpg","_links":{"self":[{"href":"http:\/\/fup.gov.ba\/index.php?rest_route=\/wp\/v2\/posts\/21956"}],"collection":[{"href":"http:\/\/fup.gov.ba\/index.php?rest_route=\/wp\/v2\/posts"}],"about":[{"href":"http:\/\/fup.gov.ba\/index.php?rest_route=\/wp\/v2\/types\/post"}],"author":[{"embeddable":true,"href":"http:\/\/fup.gov.ba\/index.php?rest_route=\/wp\/v2\/users\/5"}],"replies":[{"embeddable":true,"href":"http:\/\/fup.gov.ba\/index.php?rest_route=%2Fwp%2Fv2%2Fcomments&post=21956"}],"version-history":[{"count":6,"href":"http:\/\/fup.gov.ba\/index.php?rest_route=\/wp\/v2\/posts\/21956\/revisions"}],"predecessor-version":[{"id":21967,"href":"http:\/\/fup.gov.ba\/index.php?rest_route=\/wp\/v2\/posts\/21956\/revisions\/21967"}],"wp:featuredmedia":[{"embeddable":true,"href":"http:\/\/fup.gov.ba\/index.php?rest_route=\/wp\/v2\/media\/21957"}],"wp:attachment":[{"href":"http:\/\/fup.gov.ba\/index.php?rest_route=%2Fwp%2Fv2%2Fmedia&parent=21956"}],"wp:term":[{"taxonomy":"category","embeddable":true,"href":"http:\/\/fup.gov.ba\/index.php?rest_route=%2Fwp%2Fv2%2Fcategories&post=21956"},{"taxonomy":"post_tag","embeddable":true,"href":"http:\/\/fup.gov.ba\/index.php?rest_route=%2Fwp%2Fv2%2Ftags&post=21956"}],"curies":[{"name":"wp","href":"https:\/\/api.w.org\/{rel}","templated":true}]}}