{"id":22882,"date":"2021-02-18T11:47:30","date_gmt":"2021-02-18T10:47:30","guid":{"rendered":"http:\/\/fup.gov.ba\/?p=22882"},"modified":"2021-02-18T11:56:18","modified_gmt":"2021-02-18T10:56:18","slug":"u-nastavku-ota-aperkat-lisena-slobode-tri-lica-iz-sarajeva-koja-se-sumnjice-na-izvrsenje-kd-a-neovlastena-proizvodnja-i-stavljanje-u-promet-opojnih-droga","status":"publish","type":"post","link":"http:\/\/fup.gov.ba\/?p=22882","title":{"rendered":"U nastavku OTA &#8220;Aperkat&#8221; li\u0161ena slobode tri lica iz Sarajeva koja se sumnji\u010de za izvr\u0161enje KD-a \u201eNeovla\u0161tena proizvodnja i stavljanje u promet opojnih droga\u201c"},"content":{"rendered":"\t\t<div data-elementor-type=\"wp-post\" data-elementor-id=\"22882\" class=\"elementor elementor-22882\" data-elementor-settings=\"[]\">\n\t\t\t\t\t\t<div class=\"elementor-inner\">\n\t\t\t\t\t\t\t<div class=\"elementor-section-wrap\">\n\t\t\t\t\t\t\t<section class=\"has_eae_slider elementor-section elementor-top-section elementor-element elementor-element-61d94437 elementor-section-boxed elementor-section-height-default elementor-section-height-default\" data-id=\"61d94437\" data-element_type=\"section\">\n\t\t\t\t\t\t<div class=\"elementor-container elementor-column-gap-default\">\n\t\t\t\t\t\t\t<div class=\"elementor-row\">\n\t\t\t\t\t<div class=\"has_eae_slider elementor-column elementor-col-100 elementor-top-column elementor-element elementor-element-4a1ec3ab\" data-id=\"4a1ec3ab\" data-element_type=\"column\">\n\t\t\t<div class=\"elementor-column-wrap elementor-element-populated\">\n\t\t\t\t\t\t\t<div class=\"elementor-widget-wrap\">\n\t\t\t\t\t\t<div class=\"elementor-element elementor-element-7caa3e42 elementor-widget elementor-widget-text-editor\" data-id=\"7caa3e42\" data-element_type=\"widget\" data-widget_type=\"text-editor.default\">\n\t\t\t\t<div class=\"elementor-widget-container\">\n\t\t\t\t\t\t\t\t<div class=\"elementor-text-editor elementor-clearfix\">\n\t\t\t\t<p><!-- wp:paragraph {\"align\":\"justify\"} --><\/p>\n<p class=\"has-text-align-justify\">U nastavku operativno takti\u010dke akcije kodnog naziva \u201eAperkat\u201c policijski slu\u017ebenici Federalne uprave policije su danas, pod nadzorom Kantonalnog tu\u017eila\u0161tva Kantona Sarajevo, li\u0161ili su slobode tri lica iz Sarajeva inicijala Z.D. (1965.), K.K. (1982.) i K.S. (1972.), koji se sumnji\u010de za izvr\u0161enje krivi\u010dnog djela \u201eNeovla\u0161tena proizvodnja i stavljanje u promet opojnih droga\u201c iz \u010dlana 238. stav 2. Krivi\u010dnog Zakona Federacije Bosne i Hercegovine.<\/p>\n<p><!-- \/wp:paragraph --><\/p>\n<p><!-- wp:paragraph {\"align\":\"justify\"} --><\/p>\n<p class=\"has-text-align-justify\">U sklopu navedenih aktivnosti, a na osnovu Naredbi Kantonalnog suda u Sarajevu izvr\u0161eni su pretresi stambenog objekta, caffe bara i frizerskog salona na podru\u010dju op\u0107ine Ilija\u0161e, te dva pretresa objekata na podru\u010dju op\u0107ine Stari Grad Sarajevo koje koriste osumnji\u010deni, a kojom prilikom su prona\u0111eni i oduzeti predmeti koji poti\u010du ili se dovode u vezu sa predmetnim krivi\u010dnim djelom, te \u0107e isti biti kori\u0161teni kao dokaz u krivi\u010dnom postupku.<\/p>\n<p><!-- \/wp:paragraph --><\/p>\n<p><!-- wp:paragraph {\"align\":\"justify\"} --><\/p>\n<p class=\"has-text-align-justify\">Lica li\u0161ena slobode su kriminalisti\u010dki obra\u0111ena u slu\u017ebenim prostorijama Federalne uprave policije, te su u zakonskom roku predata na dalju nadle\u017enost Kantonalnom tu\u017eila\u0161tvu Kantona Sarajevo uz Izvje\u0161taj o izvr\u0161enom krivi\u010dnom djelu.<\/p>\n<p><!-- \/wp:paragraph --><\/p>\n<p><!-- wp:paragraph {\"align\":\"justify\"} --><\/p>\n<p class=\"has-text-align-justify\">Podsje\u0107amo, u sklopu navedene operativne akcije kodnog naziva \u201eAperkat\u201c tokom 2020. godine li\u0161eno je slobode \u010detiri lica koja se sumnji\u010de za izvr\u0161enje krivi\u010dnog djela \u201eNeovla\u0161tena proizvodnja i stavljanje u promet opojnih droga\u201c, te 10 lica koja se sumnji\u010de za izvr\u0161enje krivi\u010dnog djela \u201ePosjedovanje i omogu\u0107avanje u\u017eivanja opojnih droga\u201c.<\/p>\n<p><!-- \/wp:paragraph --><\/p>\n<p><!-- wp:gallery {\"ids\":[22884],\"linkTo\":\"media\",\"sizeSlug\":\"full\"} --><\/p>\n<figure class=\"wp-block-gallery columns-1 is-cropped\">\n<ul class=\"blocks-gallery-grid\">\n<li class=\"blocks-gallery-item\">\n<figure><a href=\"http:\/\/fup.gov.ba\/wp-content\/uploads\/2021\/02\/aperkat_18.02.21_1.jpg\"><img loading=\"lazy\" width=\"900\" height=\"600\" src=\"http:\/\/fup.gov.ba\/wp-content\/uploads\/2021\/02\/aperkat_18.02.21_1.jpg\" alt=\"\" data-id=\"22884\" data-full-url=\"http:\/\/fup.gov.ba\/wp-content\/uploads\/2021\/02\/aperkat_18.02.21_1.jpg\" data-link=\"http:\/\/fup.gov.ba\/?attachment_id=22884\" class=\"wp-image-22884\" srcset=\"http:\/\/fup.gov.ba\/wp-content\/uploads\/2021\/02\/aperkat_18.02.21_1.jpg 900w, http:\/\/fup.gov.ba\/wp-content\/uploads\/2021\/02\/aperkat_18.02.21_1-300x200.jpg 300w, http:\/\/fup.gov.ba\/wp-content\/uploads\/2021\/02\/aperkat_18.02.21_1-768x512.jpg 768w, http:\/\/fup.gov.ba\/wp-content\/uploads\/2021\/02\/aperkat_18.02.21_1-350x233.jpg 350w\" sizes=\"(max-width: 900px) 100vw, 900px\" \/><\/a><\/figure>\n<\/li>\n<\/ul>\n<\/figure>\n<p><!-- \/wp:gallery --><\/p>\t\t\t\t\t<\/div>\n\t\t\t\t\t\t<\/div>\n\t\t\t\t<\/div>\n\t\t\t\t\t\t<\/div>\n\t\t\t\t\t<\/div>\n\t\t<\/div>\n\t\t\t\t\t\t\t\t<\/div>\n\t\t\t\t\t<\/div>\n\t\t<\/section>\n\t\t\t\t\t\t<\/div>\n\t\t\t\t\t\t<\/div>\n\t\t\t\t\t<\/div>\n\t\t","protected":false},"excerpt":{"rendered":"<p>U nastavku operativno takti\u010dke akcije kodnog naziva \u201eAperkat\u201c policijski slu\u017ebenici Federalne uprave policije su danas, pod nadzorom Kantonalnog tu\u017eila\u0161tva Kantona Sarajevo, li\u0161ili su slobode tri lica iz Sarajeva,  koji se sumnji\u010de za izvr\u0161enje krivi\u010dnog djela \u201eNeovla\u0161tena proizvodnja i stavljanje u promet opojnih droga\u201c, a kojom prilikom su prona\u0111eni i oduzeti predmeti koji poti\u010du ili se dovode u vezu sa predmetnim krivi\u010dnim djelom.<\/p>\n","protected":false},"author":5,"featured_media":22884,"comment_status":"closed","ping_status":"open","sticky":false,"template":"","format":"standard","meta":{"spay_email":""},"categories":[81,6],"tags":[],"jetpack_featured_media_url":"http:\/\/fup.gov.ba\/wp-content\/uploads\/2021\/02\/aperkat_18.02.21_1.jpg","_links":{"self":[{"href":"http:\/\/fup.gov.ba\/index.php?rest_route=\/wp\/v2\/posts\/22882"}],"collection":[{"href":"http:\/\/fup.gov.ba\/index.php?rest_route=\/wp\/v2\/posts"}],"about":[{"href":"http:\/\/fup.gov.ba\/index.php?rest_route=\/wp\/v2\/types\/post"}],"author":[{"embeddable":true,"href":"http:\/\/fup.gov.ba\/index.php?rest_route=\/wp\/v2\/users\/5"}],"replies":[{"embeddable":true,"href":"http:\/\/fup.gov.ba\/index.php?rest_route=%2Fwp%2Fv2%2Fcomments&post=22882"}],"version-history":[{"count":21,"href":"http:\/\/fup.gov.ba\/index.php?rest_route=\/wp\/v2\/posts\/22882\/revisions"}],"predecessor-version":[{"id":22904,"href":"http:\/\/fup.gov.ba\/index.php?rest_route=\/wp\/v2\/posts\/22882\/revisions\/22904"}],"wp:featuredmedia":[{"embeddable":true,"href":"http:\/\/fup.gov.ba\/index.php?rest_route=\/wp\/v2\/media\/22884"}],"wp:attachment":[{"href":"http:\/\/fup.gov.ba\/index.php?rest_route=%2Fwp%2Fv2%2Fmedia&parent=22882"}],"wp:term":[{"taxonomy":"category","embeddable":true,"href":"http:\/\/fup.gov.ba\/index.php?rest_route=%2Fwp%2Fv2%2Fcategories&post=22882"},{"taxonomy":"post_tag","embeddable":true,"href":"http:\/\/fup.gov.ba\/index.php?rest_route=%2Fwp%2Fv2%2Ftags&post=22882"}],"curies":[{"name":"wp","href":"https:\/\/api.w.org\/{rel}","templated":true}]}}