{"id":22916,"date":"2021-02-19T08:08:05","date_gmt":"2021-02-19T07:08:05","guid":{"rendered":"http:\/\/fup.gov.ba\/?p=22916"},"modified":"2021-02-19T12:32:28","modified_gmt":"2021-02-19T11:32:28","slug":"bilten-za-dan-18-19-02-2021-godine","status":"publish","type":"post","link":"http:\/\/fup.gov.ba\/?p=22916","title":{"rendered":"Bilten za dan 18\/19.02.2021. godine"},"content":{"rendered":"<p>Na osnovu izvje\u0161taja operativnih centara kantonalnih ministarstava unutarnjih poslova i Federalne uprave policije, tokom navedenog perioda na podru\u010dju Federacije BiH registrovano je:<!--more--><\/p>\n<p><strong>43<\/strong> <strong>krivi\u010dnih djela<\/strong> i to:<\/p>\n<ul>\n<li>13 te\u0161kih kra\u0111a (dva motorna vozila);<\/li>\n<li>\u010detiri kra\u0111e;<\/li>\n<li>dva nasilja u porodici;<\/li>\n<li>jedno ugro\u017eavanje sigurnosti;<\/li>\n<li>\u010detiri o\u0161te\u0107enja tu\u0111e stvari;<\/li>\n<li>19 ostalih krivi\u010dnih djela;<\/li>\n<\/ul>\n<p><strong>65 naru\u0161avanja javnog reda i mira<\/strong> u kojima su dva \u00a0lica zadobila lak\u0161e tjelesne povrede.<\/p>\n<p><strong>45 saobra\u0107ajnih nezgoda<\/strong>, u kojima je jedno\u00a0 lice zadobilo te\u0161ke, a devet lica \u00a0\u00a0lak\u0161e tjelesne povrede, dok za tri lica nije utvr\u0111en stepen povrede.<\/p>\n<p><strong>18 lica je li\u0161eno slobode, a 15 lica je zadr\u017eano.<\/strong><\/p>\n","protected":false},"excerpt":{"rendered":"<p>Na osnovu izvje\u0161taja operativnih centara kantonalnih ministarstava unutarnjih poslova i Federalne uprave policije, tokom navedenog perioda na podru\u010dju Federacije BiH registrovano je:<\/p>\n","protected":false},"author":5,"featured_media":0,"comment_status":"closed","ping_status":"open","sticky":false,"template":"","format":"standard","meta":{"spay_email":""},"categories":[81,5],"tags":[],"jetpack_featured_media_url":"","_links":{"self":[{"href":"http:\/\/fup.gov.ba\/index.php?rest_route=\/wp\/v2\/posts\/22916"}],"collection":[{"href":"http:\/\/fup.gov.ba\/index.php?rest_route=\/wp\/v2\/posts"}],"about":[{"href":"http:\/\/fup.gov.ba\/index.php?rest_route=\/wp\/v2\/types\/post"}],"author":[{"embeddable":true,"href":"http:\/\/fup.gov.ba\/index.php?rest_route=\/wp\/v2\/users\/5"}],"replies":[{"embeddable":true,"href":"http:\/\/fup.gov.ba\/index.php?rest_route=%2Fwp%2Fv2%2Fcomments&post=22916"}],"version-history":[{"count":3,"href":"http:\/\/fup.gov.ba\/index.php?rest_route=\/wp\/v2\/posts\/22916\/revisions"}],"predecessor-version":[{"id":22932,"href":"http:\/\/fup.gov.ba\/index.php?rest_route=\/wp\/v2\/posts\/22916\/revisions\/22932"}],"wp:attachment":[{"href":"http:\/\/fup.gov.ba\/index.php?rest_route=%2Fwp%2Fv2%2Fmedia&parent=22916"}],"wp:term":[{"taxonomy":"category","embeddable":true,"href":"http:\/\/fup.gov.ba\/index.php?rest_route=%2Fwp%2Fv2%2Fcategories&post=22916"},{"taxonomy":"post_tag","embeddable":true,"href":"http:\/\/fup.gov.ba\/index.php?rest_route=%2Fwp%2Fv2%2Ftags&post=22916"}],"curies":[{"name":"wp","href":"https:\/\/api.w.org\/{rel}","templated":true}]}}