{"id":22939,"date":"2021-02-22T08:21:59","date_gmt":"2021-02-22T07:21:59","guid":{"rendered":"http:\/\/fup.gov.ba\/?p=22939"},"modified":"2021-02-22T08:22:09","modified_gmt":"2021-02-22T07:22:09","slug":"bilten-za-dan-21-22-2021-godine","status":"publish","type":"post","link":"http:\/\/fup.gov.ba\/?p=22939","title":{"rendered":"Bilten za dan 21\/22.02.2021. godine"},"content":{"rendered":"<p>Na osnovu izvje\u0161taja operativnih centara kantonalnih ministarstava unutarnjih poslova i Federalne uprave policije, tokom navedenog perioda na podru\u010dju Federacije BiH registrovano je:<!--more--><\/p>\n<p><strong>42 <\/strong>krivi\u010dna djela i to:<\/p>\n<ul>\n<li>jedno ubistvo u poku\u0161aju;<\/li>\n<li>jedno razbojni\u0161tvo;<\/li>\n<li>tri nasilja u porodici;<\/li>\n<li>jedno posjedovanje opojnih droga;<\/li>\n<li>tri te\u0161ke kra\u0111e motornih vozila;<\/li>\n<li>11 te\u0161kih kra\u0111a;<\/li>\n<li>devet kra\u0111a;<\/li>\n<li>13 ostalih krivi\u010dnih djela;<\/li>\n<\/ul>\n<p><strong>52 naru\u0161avanja javnog reda i mira<\/strong>, u kojima je pet lica zadobilo lak\u0161e tjelesne povrede.<\/p>\n<p><strong>44 saobra\u0107ajne nezgode<\/strong>, u kojima je jedno lice zadobilo te\u0161ke, a \u0161est lica lak\u0161e tjelesne povrede.<\/p>\n<p><strong>23 lica su li\u0161ena slobode, a 13 lica je zadr\u017eano.<\/strong><\/p>\n","protected":false},"excerpt":{"rendered":"<p>Na osnovu izvje\u0161taja operativnih centara kantonalnih ministarstava unutarnjih poslova i Federalne uprave policije, tokom navedenog perioda na podru\u010dju Federacije BiH registrovano je:<\/p>\n","protected":false},"author":5,"featured_media":0,"comment_status":"closed","ping_status":"open","sticky":false,"template":"","format":"standard","meta":{"spay_email":""},"categories":[81,5],"tags":[],"jetpack_featured_media_url":"","_links":{"self":[{"href":"http:\/\/fup.gov.ba\/index.php?rest_route=\/wp\/v2\/posts\/22939"}],"collection":[{"href":"http:\/\/fup.gov.ba\/index.php?rest_route=\/wp\/v2\/posts"}],"about":[{"href":"http:\/\/fup.gov.ba\/index.php?rest_route=\/wp\/v2\/types\/post"}],"author":[{"embeddable":true,"href":"http:\/\/fup.gov.ba\/index.php?rest_route=\/wp\/v2\/users\/5"}],"replies":[{"embeddable":true,"href":"http:\/\/fup.gov.ba\/index.php?rest_route=%2Fwp%2Fv2%2Fcomments&post=22939"}],"version-history":[{"count":2,"href":"http:\/\/fup.gov.ba\/index.php?rest_route=\/wp\/v2\/posts\/22939\/revisions"}],"predecessor-version":[{"id":22941,"href":"http:\/\/fup.gov.ba\/index.php?rest_route=\/wp\/v2\/posts\/22939\/revisions\/22941"}],"wp:attachment":[{"href":"http:\/\/fup.gov.ba\/index.php?rest_route=%2Fwp%2Fv2%2Fmedia&parent=22939"}],"wp:term":[{"taxonomy":"category","embeddable":true,"href":"http:\/\/fup.gov.ba\/index.php?rest_route=%2Fwp%2Fv2%2Fcategories&post=22939"},{"taxonomy":"post_tag","embeddable":true,"href":"http:\/\/fup.gov.ba\/index.php?rest_route=%2Fwp%2Fv2%2Ftags&post=22939"}],"curies":[{"name":"wp","href":"https:\/\/api.w.org\/{rel}","templated":true}]}}