{"id":23071,"date":"2021-03-02T08:09:25","date_gmt":"2021-03-02T07:09:25","guid":{"rendered":"http:\/\/fup.gov.ba\/?p=23071"},"modified":"2021-03-02T08:09:25","modified_gmt":"2021-03-02T07:09:25","slug":"bilten-za-dan-26-27-02-2021-godine","status":"publish","type":"post","link":"http:\/\/fup.gov.ba\/?p=23071","title":{"rendered":"Bilten za dan 26\/27.02.2021. godine"},"content":{"rendered":"<p>Na osnovu izvje\u0161taja operativnih centara kantonalnih ministarstava unutarnjih poslova i Federalne uprave policije, tokom navedenog perioda na podru\u010dju Federacije BiH\u00a0registrovano je:<!--more--><\/p>\n<p><strong>47 krivi\u010dnih djela<\/strong> i to:<\/p>\n<ul>\n<li>jedno ubistvo u poku\u0161aju;<\/li>\n<li>dva razbojni\u0161tva;<\/li>\n<li>jedno nasilje u porodici;<\/li>\n<li>dva posjedovanja opojnih droga;<\/li>\n<li>\u0161est o\u0161te\u0107enja tu\u0111e stvari;<\/li>\n<li>10 te\u0161kih kra\u0111a;<\/li>\n<li>pet kra\u0111a;<\/li>\n<li>20 ostalih krivi\u010dnih djela;<\/li>\n<\/ul>\n<p><strong>87 naru\u0161avanja javnog reda i mira<\/strong>, u kojima su dva lica zadobila lak\u0161e tjelesne povrede.<\/p>\n<p><strong>65 saobra\u0107ajnih nezgoda<\/strong>, u kojima je pet lica zadobilo te\u0161ke, a 14 lica lak\u0161e tjelesne povrede, dok za jedno lice nije utvr\u0111en stepen tjelesnih povreda.<\/p>\n<p><strong>20 lica je li\u0161eno slobode, a 13 lica je zadr\u017eano.<\/strong><\/p>\n","protected":false},"excerpt":{"rendered":"<p>Na osnovu izvje\u0161taja operativnih centara kantonalnih ministarstava unutarnjih poslova i Federalne uprave policije, tokom navedenog perioda na podru\u010dju Federacije BiH\u00a0registrovano je:<\/p>\n","protected":false},"author":5,"featured_media":0,"comment_status":"closed","ping_status":"open","sticky":false,"template":"","format":"standard","meta":{"spay_email":""},"categories":[81,5],"tags":[],"jetpack_featured_media_url":"","_links":{"self":[{"href":"http:\/\/fup.gov.ba\/index.php?rest_route=\/wp\/v2\/posts\/23071"}],"collection":[{"href":"http:\/\/fup.gov.ba\/index.php?rest_route=\/wp\/v2\/posts"}],"about":[{"href":"http:\/\/fup.gov.ba\/index.php?rest_route=\/wp\/v2\/types\/post"}],"author":[{"embeddable":true,"href":"http:\/\/fup.gov.ba\/index.php?rest_route=\/wp\/v2\/users\/5"}],"replies":[{"embeddable":true,"href":"http:\/\/fup.gov.ba\/index.php?rest_route=%2Fwp%2Fv2%2Fcomments&post=23071"}],"version-history":[{"count":1,"href":"http:\/\/fup.gov.ba\/index.php?rest_route=\/wp\/v2\/posts\/23071\/revisions"}],"predecessor-version":[{"id":23072,"href":"http:\/\/fup.gov.ba\/index.php?rest_route=\/wp\/v2\/posts\/23071\/revisions\/23072"}],"wp:attachment":[{"href":"http:\/\/fup.gov.ba\/index.php?rest_route=%2Fwp%2Fv2%2Fmedia&parent=23071"}],"wp:term":[{"taxonomy":"category","embeddable":true,"href":"http:\/\/fup.gov.ba\/index.php?rest_route=%2Fwp%2Fv2%2Fcategories&post=23071"},{"taxonomy":"post_tag","embeddable":true,"href":"http:\/\/fup.gov.ba\/index.php?rest_route=%2Fwp%2Fv2%2Ftags&post=23071"}],"curies":[{"name":"wp","href":"https:\/\/api.w.org\/{rel}","templated":true}]}}