{"id":23084,"date":"2021-03-02T11:52:16","date_gmt":"2021-03-02T10:52:16","guid":{"rendered":"http:\/\/fup.gov.ba\/?p=23084"},"modified":"2021-03-02T12:04:26","modified_gmt":"2021-03-02T11:04:26","slug":"lisena-slobode-organizovana-kriminalna-grupa-koja-se-sumnjici-za-izvrsenje-vise-napada-i-pokusaja-napada-na-najmanje-14-poslovnih-subjekata-u-fbih","status":"publish","type":"post","link":"http:\/\/fup.gov.ba\/?p=23084","title":{"rendered":"Li\u0161ena slobode organizovana kriminalna grupa koja se sumnji\u010di za izvr\u0161enje vi\u0161e napada i poku\u0161aja napada na najmanje 14 poslovnih subjekata u FBiH"},"content":{"rendered":"\t\t<div data-elementor-type=\"wp-post\" data-elementor-id=\"23084\" class=\"elementor elementor-23084\" data-elementor-settings=\"[]\">\n\t\t\t\t\t\t<div class=\"elementor-inner\">\n\t\t\t\t\t\t\t<div class=\"elementor-section-wrap\">\n\t\t\t\t\t\t\t<section class=\"has_eae_slider elementor-section elementor-top-section elementor-element elementor-element-3e9af136 elementor-section-boxed elementor-section-height-default elementor-section-height-default\" data-id=\"3e9af136\" data-element_type=\"section\">\n\t\t\t\t\t\t<div class=\"elementor-container elementor-column-gap-default\">\n\t\t\t\t\t\t\t<div class=\"elementor-row\">\n\t\t\t\t\t<div class=\"has_eae_slider elementor-column elementor-col-100 elementor-top-column elementor-element elementor-element-88a82a5\" data-id=\"88a82a5\" data-element_type=\"column\">\n\t\t\t<div class=\"elementor-column-wrap elementor-element-populated\">\n\t\t\t\t\t\t\t<div class=\"elementor-widget-wrap\">\n\t\t\t\t\t\t<div class=\"elementor-element elementor-element-2b4f6b00 elementor-widget elementor-widget-text-editor\" data-id=\"2b4f6b00\" data-element_type=\"widget\" data-widget_type=\"text-editor.default\">\n\t\t\t\t<div class=\"elementor-widget-container\">\n\t\t\t\t\t\t\t\t<div class=\"elementor-text-editor elementor-clearfix\">\n\t\t\t\t<p>Policijski slu\u017ebenici Federalne uprave policije u zajedni\u010dkim koordiniranim aktivnostima sa pripadnicima ministarstava unutra\u0161njih poslova Tuzlanskog, Srednjobosanskog, Zapadnohercegova\u010dkog i Zeni\u010dko-dobojskog kantona, te nadzorom Kantonalnog tu\u017eila\u0161tva Srednjobosanskog kantona, od dana 28.02.2021. godine provode mjere i radnje iz svoje nadle\u017enosti na podru\u010dju Federacije BiH, a vezano za dokumentovanje organizovane kriminalne grupe koja se sumnji\u010di za krivi\u010dna djela \u201eUdru\u017eivanje radi \u010dinjenja krivi\u010dnog djela\u201c iz \u010dlana 340, a u vezi sa krivi\u010dnim djelom \u201eTe\u0161ka kra\u0111a\u201c iz \u010dlana 287. Krivi\u010dnog Zakona Federacije BiH.<\/p>\n<p>U sklopu navedenih aktivnosti, a na osnovu Naredbe nadle\u017enog suda izvr\u0161eni su pretresi na 10 lokacija na podru\u010dju Sarajeva i Kaknja, te je li\u0161eno slobode \u0161est lica inicijala N.H. (1972.), A.\u0106. (1989.), A.\u0160. (1982.), A.\u0160. (1979.), M.I. (1980.) i E.D. (1985.) dok je za licem E.D\u017d. (1977.) raspisana operativna potjernica. Navedena lica se sumnji\u010de da su u vremenskom periodu od po\u010detka 2020. godine, na podru\u010dju Tuzlanskog kantona, Srednjobosanskog kantona, Zeni\u010dko-dobojskog kantona, Hercegova\u010dko-neretvanskog kantona i Zapadnohercegova\u010dkog kantona, te Distrikta Br\u010dko, organizuju\u0107i se s ciljem sticanja protupravne imovinske koristi, izvr\u0161ili vi\u0161e napada i poku\u0161aja napada na najmanje 14 poslovnih subjekata: benzinskih pumpi, trgova\u010dkih centara i drugih privrednih subjekata na prostoru Federacije BiH i Br\u010dko Distrikta kojom prilikom su otu\u0111ili preko 200.000,00 KM, kao i ve\u0107u koli\u010dinu robe, cigareta, kafe, alata, te drugih proizvoda koje su prona\u0161li u objektima i time poslovnim subjektima nanijeli ve\u0107u materijalnu \u0161tetu. Tako\u0111e, s ciljem izvr\u0161enja gore navedenih krivi\u010dnih djela prethodno su otu\u0111ili 14 putni\u010dkih motornih vozila i poku\u0161ali otu\u0111iti sedam motornih vozila na podru\u010dju gore spomenutih kantona.<\/p>\n<p>Navedena lica su od ranije poznata policijskim i pravosudnim organima kao vi\u0161estruki povratnici u vr\u0161enju krivi\u010dnih djela, zbog \u010dega su i vi\u0161e puta osu\u0111ivani.<\/p>\n<p>Na opisani na\u010din navedena organizovana grupa se sumnji\u010di da je u no\u0107i 23\/24. februara, izvr\u0161ila te\u0161ku kra\u0111u u poslovni subjekat \u201eMarcaffe\u201c u Kiseljaku, kojom prilikom su otu\u0111ili oko 15.000 KM, teretno motorno vozilo Citroen Jumper, vlasni\u0161tvo navedene firme i oko 2,5 tona kafe marke \u201eMarcaffe\u201c. Prilikom pretresanja poslovnog prostora ku\u0107e koju koristi A.\u0160. prona\u0111eno je i oduzeto oko 155 paketa u kojima se nalazila kafa \u201eMarcaffe\u201c, a kojom prilikom su li\u0161ena slobode lica A.\u0160., M.I. i E.D\u017e. prilikom pretovara kafe.<\/p>\n<p>Postupaju\u0107i po Naredbi Op\u0107inskog suda Kiseljak pored 155 paketa kafe prona\u0111ena je i oduzeta garderoba za koju se sumnja da su osumnji\u010deni koristili prilikom izvr\u0161enja krivi\u010dnih djela kao \u0161to su: baterijska lampa za glavu, sajla, rukavice, dukserice, kape, ruksaci, te ve\u0107i broj telefonskih aparata i telefonskih kartica. Tako\u0111e prona\u0111ena je odre\u0111ena koli\u010dina zeljaste materije koja asocira na \u201eCannabis Sativa L\u201c, digitalna vaga za precizno vaganje i dr. predmeti koji \u0107e biti kori\u0161teni kao dokaz u krivi\u010dnom postupku.<\/p>\n<p>Tako\u0111er, prilikom li\u0161enja slobode osumnji\u010denih od strane policijskih slu\u017ebenika utvr\u0111eno je da se na lokaciji gdje su vr\u0161ili skladi\u0161tenje i skrivanje paketa s kafom nalazi i motorno vozilo Opel Vektra u kojem se nalazi ve\u0107i broj paketa s kafom. Navedeno vozilo je izuzeto, zape\u010da\u0107eno od strane krim-tehni\u010dara Federalne uprave policije i osigurano na parking prostoru Federalne uprave policije do daljnjeg postupanja.<\/p><p>Pored navedenog ova organizovana kriminalna grupa se sumnji\u010di za izvr\u0161enje slijede\u0107ih krivi\u010dnih djela:<\/p>\n<ol>\n<li>Dana 23.03.2020. godine te\u0161ka kra\u0111a u benzinskoj pumpi \u201eHifa\u201c na podru\u010dju op\u0107ine Kiseljak, kojom prilikom su nanijeli \u0161tetu privrednom subjektu u iznosu od oko 19.000,00 KM, te za izvr\u0161enje koristili ukradeno motorno vozilo \u201eVW Sharan\u201c;<\/li>\n<li>Dana 27.04.2020. godine te\u0161ka kra\u0111a u benzinskoj pumpi \u201eHifa\u201c na podru\u010dju op\u0107ine Te\u0161anj, kojom prilikom su nanijeli \u0161tetu privrednom subjektu u iznosu od oko 18.000,00 KM te za izvr\u0161enje koristili ukradeno motorno vozilo \u201eGolf IV\u201c;<\/li>\n<li>Dana 30.04.2020. godine te\u0161ka kra\u0111a u benzinskoj pumpi \u201eBM\u201c na podru\u010dju op\u0107ine Kiseljak, kojom prilikom su nanijeli \u0161tetu privrednom subjektu u iznosu od oko 2.400,00 KM te za izvr\u0161enje koristili ukradeno motorno vozilo \u201eGolf IV\u201c;<\/li>\n<li>Dana 15.05.2020. godine te\u0161ka kra\u0111a u benzinskoj pumpi \u201ePetrol\u201c na podru\u010dju op\u0107ine Kiseljak, kojom prilikom su nanijeli \u0161tetu privrednom subjektu u iznosu od oko 14.000,00 KM te za izvr\u0161enje koristili ukradeno motorno vozilo \u201eGolf III\u201c;<\/li>\n<li>Dana 07.07.2020. godine te\u0161ka kra\u0111a u benzinskoj pumpi \u201eHifa\u201c na podru\u010dju op\u0107ine Fojnica, kojom prilikom su nanijeli \u0161tetu privrednom subjektu u iznosu od oko 20.000,00 KM te za izvr\u0161enje koristili ukradeno motorno vozilo \u201eGolf\u201c;<\/li>\n<li>Dana 24.07.2020. godine te\u0161ka kra\u0111a u benzinskoj pumpi \u201eHifa\u201c u mjestu Resnik, op\u0107ina Kre\u0161evo, kojom prilikom su nanijeli \u0161tetu privrednom subjektu u iznosu od oko 10.000,00 KM te za izvr\u0161enje koristili ukradeno motorno vozilo \u201eGolf IV\u201c;<\/li>\n<li>Dana 09.09.2020. godine te\u0161ka kra\u0111a u benzinskoj pumpi \u201eHifa\u201c u mjestu Ka\u0107uni, op\u0107ina Busova\u010da, kojom prilikom su nanijeli \u0161tetu privrednom subjektu u iznosu od oko 4.000,00 KM te za izvr\u0161enje koristili ukradeno motorno vozilo \u201ePassat\u201c;<\/li>\n<li>Dana 02.10.2020. godine te\u0161ka kra\u0111a u benzinskoj pumpi \u201eHifa\u201c na podru\u010dju op\u0107ine \u017dep\u010de, kojom prilikom su nanijeli \u0161tetu privrednom subjektu u iznosu od oko 6.000,00 KM te za izvr\u0161enje koristili ukradeno motorno vozilo \u201eSeat Ibiza\u201c;<\/li>\n<li>Dana 28.10.2020. godine i 30.10.2020. godine te\u0161ka kra\u0111a u benzinskoj pumpi \u201ePetrol BH Oil compani\u201c na podru\u010dju op\u0107ine Visoko, koja je bila objekat napada dva puta, kojom prilikom su nanijeli \u0161tetu privrednom subjektu u iznosu od oko 1.000,00 KM, te za izvr\u0161enje koristili ukradeno motorno vozilo \u201ePassat\u201c;<\/li>\n<li>Dana 09.02.2021. godine izvr\u0161ili nasilnu provalu u privredni subjekat \u201cMotorex\u201d u mjestu Mo\u0161evac kojom prilikom su otu\u0111ili metalni sef s novcem u iznosu od oko 6.000 KM na na\u010din da su, na podru\u010dju Maglaja poku\u0161ali otu\u0111iti motorno vozilo VW \u2013 Pasat;<\/li>\n<li>Dana 16.11.2020. godine oko 3.40 sati izvr\u0161ili napad na prodajni centar \u201eNamex\u201c koja se nalazi u mjestu Kne\u0161polje, \u0160iroki Brijeg, gdje su koriste\u0107i ukradeno vozilo \u201ePassat\u201c;<\/li>\n<li>Dana 08.12.2020. godine, izvr\u0161ili te\u0161ku kra\u0111u u benzinskoj pumpi u prodajnom centru \u201eNamex\u201c koji se nalazi na podru\u010dju Mostara kojom prilikom su otu\u0111ili sef s novcem iz prodajnog centra nakon \u010dega su oplja\u010dkali i sportsku kladionicu \u201eBet live\u201c koja se nalazi u sklopu prodajnog centra, na na\u010din da su najprije u mjestu \u010cule otu\u0111ili motorno vozilo VW \u201ePassat\u201c;<\/li>\n<li>U vremenskom periodu od 25.01.2021. godine do 19.02.2021. godine u nekoliko navrata poku\u0161avali izvr\u0161iti te\u0161ku kra\u0111u na prostoru Br\u010dko Distrikta na na\u010din da su najprije u no\u0107i 25\/26.01.2021. godine planirali izvr\u0161enje krivi\u010dnog djela \u201eTe\u0161ka kra\u0111a\u201c, na prostoru Br\u010dko Distrikta u \u010demu nisu uspjeli jer nisu otu\u0111ili motorno vozilo kojim bi izvr\u0161ili navedeno krivi\u010dno djelo.<\/li>\n<\/ol>\n<p>Lica li\u0161ena slobode su kriminalisti\u010dki obra\u0111ena u slu\u017ebenim prostroijama Federalne uprave policije te \u0107e danas biti predata na dalju nadle\u017enost Kantonalnom tu\u017eila\u0161tvu Srednjobosanskog kantona uz Izvje\u0161taj o izvr\u0161enim krivi\u010dnim djelima.<\/p>\n<p>Nastavljaju je aktivnosti na realizaciji ove operativne akcije.<\/p>\n<p><\/p>\t\t\t\t\t<\/div>\n\t\t\t\t\t\t<\/div>\n\t\t\t\t<\/div>\n\t\t\t\t\t\t<\/div>\n\t\t\t\t\t<\/div>\n\t\t<\/div>\n\t\t\t\t\t\t\t\t<\/div>\n\t\t\t\t\t<\/div>\n\t\t<\/section>\n\t\t\t\t<section class=\"has_eae_slider elementor-section elementor-top-section elementor-element elementor-element-e3d0b4d elementor-section-boxed elementor-section-height-default elementor-section-height-default\" data-id=\"e3d0b4d\" data-element_type=\"section\">\n\t\t\t\t\t\t<div class=\"elementor-container elementor-column-gap-default\">\n\t\t\t\t\t\t\t<div class=\"elementor-row\">\n\t\t\t\t\t<div class=\"has_eae_slider elementor-column elementor-col-100 elementor-top-column elementor-element elementor-element-5d4fe2d\" data-id=\"5d4fe2d\" data-element_type=\"column\">\n\t\t\t<div class=\"elementor-column-wrap elementor-element-populated\">\n\t\t\t\t\t\t\t<div class=\"elementor-widget-wrap\">\n\t\t\t\t\t\t<div class=\"elementor-element elementor-element-626ca00 elementor-widget elementor-widget-image-gallery\" data-id=\"626ca00\" data-element_type=\"widget\" data-widget_type=\"image-gallery.default\">\n\t\t\t\t<div class=\"elementor-widget-container\">\n\t\t\t\t\t<div class=\"elementor-image-gallery\">\n\t\t\t<div id='gallery-1' class='gallery galleryid-23084 gallery-columns-1 gallery-size-large'><figure class='gallery-item'>\n\t\t\t<div class='gallery-icon landscape'>\n\t\t\t\t<a data-elementor-open-lightbox=\"yes\" data-elementor-lightbox-slideshow=\"626ca00\" data-elementor-lightbox-title=\"02.03.21_1\" href='http:\/\/fup.gov.ba\/wp-content\/uploads\/2020\/07\/02.03.21_1.jpg'><img width=\"900\" height=\"600\" src=\"http:\/\/fup.gov.ba\/wp-content\/uploads\/2020\/07\/02.03.21_1.jpg\" class=\"attachment-large size-large\" alt=\"\" loading=\"lazy\" srcset=\"http:\/\/fup.gov.ba\/wp-content\/uploads\/2020\/07\/02.03.21_1.jpg 900w, http:\/\/fup.gov.ba\/wp-content\/uploads\/2020\/07\/02.03.21_1-300x200.jpg 300w, http:\/\/fup.gov.ba\/wp-content\/uploads\/2020\/07\/02.03.21_1-768x512.jpg 768w, http:\/\/fup.gov.ba\/wp-content\/uploads\/2020\/07\/02.03.21_1-350x233.jpg 350w\" sizes=\"(max-width: 900px) 100vw, 900px\" \/><\/a>\n\t\t\t<\/div><\/figure><figure class='gallery-item'>\n\t\t\t<div class='gallery-icon landscape'>\n\t\t\t\t<a data-elementor-open-lightbox=\"yes\" data-elementor-lightbox-slideshow=\"626ca00\" data-elementor-lightbox-title=\"02.03.21_2\" href='http:\/\/fup.gov.ba\/wp-content\/uploads\/2020\/07\/02.03.21_2.jpg'><img width=\"900\" height=\"600\" src=\"http:\/\/fup.gov.ba\/wp-content\/uploads\/2020\/07\/02.03.21_2.jpg\" class=\"attachment-large size-large\" alt=\"\" loading=\"lazy\" srcset=\"http:\/\/fup.gov.ba\/wp-content\/uploads\/2020\/07\/02.03.21_2.jpg 900w, http:\/\/fup.gov.ba\/wp-content\/uploads\/2020\/07\/02.03.21_2-300x200.jpg 300w, http:\/\/fup.gov.ba\/wp-content\/uploads\/2020\/07\/02.03.21_2-768x512.jpg 768w, http:\/\/fup.gov.ba\/wp-content\/uploads\/2020\/07\/02.03.21_2-350x233.jpg 350w\" sizes=\"(max-width: 900px) 100vw, 900px\" \/><\/a>\n\t\t\t<\/div><\/figure><figure class='gallery-item'>\n\t\t\t<div class='gallery-icon landscape'>\n\t\t\t\t<a data-elementor-open-lightbox=\"yes\" data-elementor-lightbox-slideshow=\"626ca00\" data-elementor-lightbox-title=\"02.03.21_5\" href='http:\/\/fup.gov.ba\/wp-content\/uploads\/2020\/07\/02.03.21_5.jpg'><img width=\"900\" height=\"600\" src=\"http:\/\/fup.gov.ba\/wp-content\/uploads\/2020\/07\/02.03.21_5.jpg\" class=\"attachment-large size-large\" alt=\"\" loading=\"lazy\" srcset=\"http:\/\/fup.gov.ba\/wp-content\/uploads\/2020\/07\/02.03.21_5.jpg 900w, http:\/\/fup.gov.ba\/wp-content\/uploads\/2020\/07\/02.03.21_5-300x200.jpg 300w, http:\/\/fup.gov.ba\/wp-content\/uploads\/2020\/07\/02.03.21_5-768x512.jpg 768w, http:\/\/fup.gov.ba\/wp-content\/uploads\/2020\/07\/02.03.21_5-350x233.jpg 350w\" sizes=\"(max-width: 900px) 100vw, 900px\" \/><\/a>\n\t\t\t<\/div><\/figure><figure class='gallery-item'>\n\t\t\t<div class='gallery-icon landscape'>\n\t\t\t\t<a data-elementor-open-lightbox=\"yes\" data-elementor-lightbox-slideshow=\"626ca00\" data-elementor-lightbox-title=\"02.03.21_6\" href='http:\/\/fup.gov.ba\/wp-content\/uploads\/2020\/07\/02.03.21_6.jpg'><img width=\"900\" height=\"600\" src=\"http:\/\/fup.gov.ba\/wp-content\/uploads\/2020\/07\/02.03.21_6.jpg\" class=\"attachment-large size-large\" alt=\"\" loading=\"lazy\" srcset=\"http:\/\/fup.gov.ba\/wp-content\/uploads\/2020\/07\/02.03.21_6.jpg 900w, http:\/\/fup.gov.ba\/wp-content\/uploads\/2020\/07\/02.03.21_6-300x200.jpg 300w, http:\/\/fup.gov.ba\/wp-content\/uploads\/2020\/07\/02.03.21_6-768x512.jpg 768w, http:\/\/fup.gov.ba\/wp-content\/uploads\/2020\/07\/02.03.21_6-350x233.jpg 350w\" sizes=\"(max-width: 900px) 100vw, 900px\" \/><\/a>\n\t\t\t<\/div><\/figure><figure class='gallery-item'>\n\t\t\t<div class='gallery-icon landscape'>\n\t\t\t\t<a data-elementor-open-lightbox=\"yes\" data-elementor-lightbox-slideshow=\"626ca00\" data-elementor-lightbox-title=\"02.03.21_7\" href='http:\/\/fup.gov.ba\/wp-content\/uploads\/2020\/07\/02.03.21_7.jpg'><img width=\"900\" height=\"600\" src=\"http:\/\/fup.gov.ba\/wp-content\/uploads\/2020\/07\/02.03.21_7.jpg\" class=\"attachment-large size-large\" alt=\"\" loading=\"lazy\" srcset=\"http:\/\/fup.gov.ba\/wp-content\/uploads\/2020\/07\/02.03.21_7.jpg 900w, http:\/\/fup.gov.ba\/wp-content\/uploads\/2020\/07\/02.03.21_7-300x200.jpg 300w, http:\/\/fup.gov.ba\/wp-content\/uploads\/2020\/07\/02.03.21_7-768x512.jpg 768w, http:\/\/fup.gov.ba\/wp-content\/uploads\/2020\/07\/02.03.21_7-350x233.jpg 350w\" sizes=\"(max-width: 900px) 100vw, 900px\" \/><\/a>\n\t\t\t<\/div><\/figure><figure class='gallery-item'>\n\t\t\t<div class='gallery-icon landscape'>\n\t\t\t\t<a data-elementor-open-lightbox=\"yes\" data-elementor-lightbox-slideshow=\"626ca00\" data-elementor-lightbox-title=\"02.03.21_8\" href='http:\/\/fup.gov.ba\/wp-content\/uploads\/2020\/07\/02.03.21_8.jpg'><img width=\"900\" height=\"600\" src=\"http:\/\/fup.gov.ba\/wp-content\/uploads\/2020\/07\/02.03.21_8.jpg\" class=\"attachment-large size-large\" alt=\"\" loading=\"lazy\" srcset=\"http:\/\/fup.gov.ba\/wp-content\/uploads\/2020\/07\/02.03.21_8.jpg 900w, http:\/\/fup.gov.ba\/wp-content\/uploads\/2020\/07\/02.03.21_8-300x200.jpg 300w, http:\/\/fup.gov.ba\/wp-content\/uploads\/2020\/07\/02.03.21_8-768x512.jpg 768w, http:\/\/fup.gov.ba\/wp-content\/uploads\/2020\/07\/02.03.21_8-350x233.jpg 350w\" sizes=\"(max-width: 900px) 100vw, 900px\" \/><\/a>\n\t\t\t<\/div><\/figure><figure class='gallery-item'>\n\t\t\t<div class='gallery-icon portrait'>\n\t\t\t\t<a data-elementor-open-lightbox=\"yes\" data-elementor-lightbox-slideshow=\"626ca00\" data-elementor-lightbox-title=\"02.03.21_3\" href='http:\/\/fup.gov.ba\/wp-content\/uploads\/2020\/07\/02.03.21_3.jpg'><img width=\"600\" height=\"900\" src=\"http:\/\/fup.gov.ba\/wp-content\/uploads\/2020\/07\/02.03.21_3.jpg\" class=\"attachment-large size-large\" alt=\"\" loading=\"lazy\" srcset=\"http:\/\/fup.gov.ba\/wp-content\/uploads\/2020\/07\/02.03.21_3.jpg 600w, http:\/\/fup.gov.ba\/wp-content\/uploads\/2020\/07\/02.03.21_3-200x300.jpg 200w, http:\/\/fup.gov.ba\/wp-content\/uploads\/2020\/07\/02.03.21_3-350x525.jpg 350w\" sizes=\"(max-width: 600px) 100vw, 600px\" \/><\/a>\n\t\t\t<\/div><\/figure><figure class='gallery-item'>\n\t\t\t<div class='gallery-icon portrait'>\n\t\t\t\t<a data-elementor-open-lightbox=\"yes\" data-elementor-lightbox-slideshow=\"626ca00\" data-elementor-lightbox-title=\"02.03.21_4\" href='http:\/\/fup.gov.ba\/wp-content\/uploads\/2020\/07\/02.03.21_4.jpg'><img width=\"600\" height=\"900\" src=\"http:\/\/fup.gov.ba\/wp-content\/uploads\/2020\/07\/02.03.21_4.jpg\" class=\"attachment-large size-large\" alt=\"\" loading=\"lazy\" srcset=\"http:\/\/fup.gov.ba\/wp-content\/uploads\/2020\/07\/02.03.21_4.jpg 600w, http:\/\/fup.gov.ba\/wp-content\/uploads\/2020\/07\/02.03.21_4-200x300.jpg 200w, http:\/\/fup.gov.ba\/wp-content\/uploads\/2020\/07\/02.03.21_4-350x525.jpg 350w\" sizes=\"(max-width: 600px) 100vw, 600px\" \/><\/a>\n\t\t\t<\/div><\/figure>\n\t\t<\/div>\n\t\t<\/div>\n\t\t\t\t<\/div>\n\t\t\t\t<\/div>\n\t\t\t\t\t\t<\/div>\n\t\t\t\t\t<\/div>\n\t\t<\/div>\n\t\t\t\t\t\t\t\t<\/div>\n\t\t\t\t\t<\/div>\n\t\t<\/section>\n\t\t\t\t\t\t<\/div>\n\t\t\t\t\t\t<\/div>\n\t\t\t\t\t<\/div>\n\t\t","protected":false},"excerpt":{"rendered":"<p>Na osnovu Naredbe nadle\u017enog suda izvr\u0161eni su pretresi na 10 lokacija na podru\u010dju Sarajeva i Kaknja,  te je li\u0161eno slobode \u0161est lica inicijala N.H. (1972.), A.\u0106. (1989.), A.\u0160. (1982.), A.\u0160. (1979.), M.I. (1980.) i E.D. (1985.) dok je za licem E.D\u017d. (1977.) raspisana operativna potjernica. Navedena lica se sumnji\u010de da su od po\u010detka 2020. godine izvr\u0161ili vi\u0161e napada i poku\u0161aja napada na najmanje 14 poslovnih subjekata radi sticanja imovinske koristi&#8230;<\/p>\n","protected":false},"author":5,"featured_media":23091,"comment_status":"closed","ping_status":"open","sticky":false,"template":"","format":"standard","meta":{"spay_email":""},"categories":[81,6],"tags":[],"jetpack_featured_media_url":"http:\/\/fup.gov.ba\/wp-content\/uploads\/2020\/07\/02.03.21_5.jpg","_links":{"self":[{"href":"http:\/\/fup.gov.ba\/index.php?rest_route=\/wp\/v2\/posts\/23084"}],"collection":[{"href":"http:\/\/fup.gov.ba\/index.php?rest_route=\/wp\/v2\/posts"}],"about":[{"href":"http:\/\/fup.gov.ba\/index.php?rest_route=\/wp\/v2\/types\/post"}],"author":[{"embeddable":true,"href":"http:\/\/fup.gov.ba\/index.php?rest_route=\/wp\/v2\/users\/5"}],"replies":[{"embeddable":true,"href":"http:\/\/fup.gov.ba\/index.php?rest_route=%2Fwp%2Fv2%2Fcomments&post=23084"}],"version-history":[{"count":12,"href":"http:\/\/fup.gov.ba\/index.php?rest_route=\/wp\/v2\/posts\/23084\/revisions"}],"predecessor-version":[{"id":23102,"href":"http:\/\/fup.gov.ba\/index.php?rest_route=\/wp\/v2\/posts\/23084\/revisions\/23102"}],"wp:featuredmedia":[{"embeddable":true,"href":"http:\/\/fup.gov.ba\/index.php?rest_route=\/wp\/v2\/media\/23091"}],"wp:attachment":[{"href":"http:\/\/fup.gov.ba\/index.php?rest_route=%2Fwp%2Fv2%2Fmedia&parent=23084"}],"wp:term":[{"taxonomy":"category","embeddable":true,"href":"http:\/\/fup.gov.ba\/index.php?rest_route=%2Fwp%2Fv2%2Fcategories&post=23084"},{"taxonomy":"post_tag","embeddable":true,"href":"http:\/\/fup.gov.ba\/index.php?rest_route=%2Fwp%2Fv2%2Ftags&post=23084"}],"curies":[{"name":"wp","href":"https:\/\/api.w.org\/{rel}","templated":true}]}}