{"id":23108,"date":"2021-03-03T14:53:51","date_gmt":"2021-03-03T13:53:51","guid":{"rendered":"http:\/\/fup.gov.ba\/?p=23108"},"modified":"2021-03-03T14:57:14","modified_gmt":"2021-03-03T13:57:14","slug":"radna-posjeta-kantonalnom-tuzilastvu-kantona-sarajevo-u-cilju-jacanja-saradnje-i-intenziviranje-rada-na-predmetima","status":"publish","type":"post","link":"http:\/\/fup.gov.ba\/?p=23108","title":{"rendered":"Radna posjeta Kantonalnom tu\u017eila\u0161tvu Kantona Sarajevo u cilju ja\u010danja saradnje i intenziviranje rada na predmetima"},"content":{"rendered":"\t\t<div data-elementor-type=\"wp-post\" data-elementor-id=\"23108\" class=\"elementor elementor-23108\" data-elementor-settings=\"[]\">\n\t\t\t\t\t\t<div class=\"elementor-inner\">\n\t\t\t\t\t\t\t<div class=\"elementor-section-wrap\">\n\t\t\t\t\t\t\t<section class=\"has_eae_slider elementor-section elementor-top-section elementor-element elementor-element-6aad215f elementor-section-boxed elementor-section-height-default elementor-section-height-default\" data-id=\"6aad215f\" data-element_type=\"section\">\n\t\t\t\t\t\t<div class=\"elementor-container elementor-column-gap-default\">\n\t\t\t\t\t\t\t<div class=\"elementor-row\">\n\t\t\t\t\t<div class=\"has_eae_slider elementor-column elementor-col-100 elementor-top-column elementor-element elementor-element-7ca06c7f\" data-id=\"7ca06c7f\" data-element_type=\"column\">\n\t\t\t<div class=\"elementor-column-wrap elementor-element-populated\">\n\t\t\t\t\t\t\t<div class=\"elementor-widget-wrap\">\n\t\t\t\t\t\t<div class=\"elementor-element elementor-element-7257047d elementor-widget elementor-widget-text-editor\" data-id=\"7257047d\" data-element_type=\"widget\" data-widget_type=\"text-editor.default\">\n\t\t\t\t<div class=\"elementor-widget-container\">\n\t\t\t\t\t\t\t\t<div class=\"elementor-text-editor elementor-clearfix\">\n\t\t\t\t<p>Danas je Kantonalno tu\u017eila\u0161tvo Kanton Sarajevo posjetio zamjenik direktora, Ensad Korman sa svojim saradnicima, na\u010delnikom Federalne istra\u017ene slu\u017ebe kriminalisti\u010dke policije, Ibrom Be\u0161lija i \u0161efom Deta\u0161mana Sarajevo, Mesudom Mustafi\u0107, kojom prilikom je odr\u017ean radni sastanak sa glavnom tu\u017eiteljicom Sabinom Sarajlija, te njenim zamjenicima Melihom Dugalija, Seadom Kre\u0161talica i Hrvojem \u010cabraji\u0107.&nbsp;<\/p>\n<p>Cilj ove slu\u017ebene posjete je ja\u010danje saradnje izme\u0111u Federalne uprave policije i Kantonalnog tu\u017eila\u0161tva Kantona Sarajevo, te definisanje najboljih na\u010dina na unaprije\u0111enju zajedni\u010dke prekse u otkrivanju i dokumentovanju krivi\u010dnih djela iz domena organizovanog i me\u0111ukantonalnog kriminala, sa akcentom na koruptivna krivi\u010dna djela, privredni i finasijski kriminal, trgovinu opojnom drogom, cyber kriminal, te druge aspekte rada iz nadle\u017enosti Federalne uprave policije.&nbsp;<\/p>\n<p>Ova posjeta pored segmenta ja\u010danja saradnje ove dvije institucije, iako je dosada\u0161nja saradnja bila na veoma zavidnom nivou, ima za cilj pobolj\u0161anje efikasnosti i kvalitete rada, koordinacije istra\u017eitelja i tu\u017eilaca prilikom provo\u0111enja istra\u017enih i posebnih istra\u017enih radnji u konkretnim predmetima koji su u skladu sa godi\u0161njim planom Tu\u017eila\u0161tva odre\u0111eni kao prioriteti u radu, a koji su identificirani kao stvarna dru\u0161tvena prijetnja.&nbsp;<\/p>\n<p>Prilikom sastanka elaborirani su dosada\u0161nji predmeti koji su u toku, te je dogovoreno intenziviranje dalje aktivnosti na uspje\u0161nom okon\u010danju istih, a u kona\u010dnici u cilju dono\u0161enja osu\u0111uju\u0107ih pravosna\u017enih presuda. Nadalje, dogovoreno je da u narednom periodu tu\u017eioci po linijama rada odr\u017ee radne sastanke sa rukovodiocima i istra\u017eiteljima istra\u017enih organizacionih jedinica Uprave policije po navedenim predmetima kako bi se odredile smjernice za br\u017ee i efikasnije djelovanje na dokumentovanju krivi\u010dnih djela i izvr\u0161ilaca.&nbsp;<\/p>\n<p>Izme\u0111u ostalog jedan od zaklju\u010daka i prijedloga sa sastanka je razvoj operativnih planova, intenziviranje komunikacije, te eventualno formiranje zajedni\u010dkih timova Tu\u017eila\u0161tva i Federalne uprave policije sa drugim agencijama, kako bi se na adekvatan na\u010din moglo odgovoriti u specifi\u010dnim i slo\u017eenim istragama, a sve u cilju o\u010duvanju sigurnosti i sticanja povjerenja gra\u0111anstva.&nbsp;<\/p>\n<p>Policija i tu\u017eila\u0161tvo kao dvije me\u0111usobno povezane komponente upu\u0107ene su jedna na drugu i moraju funkcionisati na zavidnom nivou jer je to jedini ispravan i zakonit na\u010din kao i svrha na\u0161eg postojanja u borbi protiv kriminala, zaklju\u010deno je na sastanku.&nbsp;<\/p>\n<p>\u201eKantonalno tu\u017eila\u0161tvo Kantona Sarajevo je u svakom pogledu za intenziviranje zajedni\u010dkih aktivnosti sa Federalnom upravom policije, a na osnovu dosada\u0161nje dobre saradnje koja mo\u017ee biti samo jo\u0161 bolja i ja\u010da, spremni smo da iskoristimo sve svoje kapacitete za rad na okon\u010danju aktivnih istraga koje su trenutno na\u0161 prioritet\u201c istakla je glavna tu\u017eiteljica Sarajlija sa \u010dim se slo\u017eio zamjenik direktora, Korman isti\u010du\u0107i da je Federalna uprava policije na raspolaganju 24\/7 Kantonalnom tu\u017eila\u0161tvu Kantona Sarajevo kao i ostalim pravosudnim institucijama sa svim svojim raspolo\u017eivim resursima.&nbsp;<\/p>\n<p><a href=\"http:\/\/fup.gov.ba\/wp-content\/uploads\/2021\/03\/Posjeta-KTKS-03.03.2021..jpg\" target=\"_blank\" rel=\"noopener noreferrer\"><img loading=\"lazy\" class=\"aligncenter wp-image-23109 size-full\" src=\"http:\/\/fup.gov.ba\/wp-content\/uploads\/2021\/03\/Posjeta-KTKS-03.03.2021..jpg\" alt=\"\" width=\"900\" height=\"600\" srcset=\"http:\/\/fup.gov.ba\/wp-content\/uploads\/2021\/03\/Posjeta-KTKS-03.03.2021..jpg 900w, http:\/\/fup.gov.ba\/wp-content\/uploads\/2021\/03\/Posjeta-KTKS-03.03.2021.-300x200.jpg 300w, http:\/\/fup.gov.ba\/wp-content\/uploads\/2021\/03\/Posjeta-KTKS-03.03.2021.-768x512.jpg 768w, http:\/\/fup.gov.ba\/wp-content\/uploads\/2021\/03\/Posjeta-KTKS-03.03.2021.-350x233.jpg 350w\" sizes=\"(max-width: 900px) 100vw, 900px\" \/><\/a><\/p>\t\t\t\t\t<\/div>\n\t\t\t\t\t\t<\/div>\n\t\t\t\t<\/div>\n\t\t\t\t\t\t<\/div>\n\t\t\t\t\t<\/div>\n\t\t<\/div>\n\t\t\t\t\t\t\t\t<\/div>\n\t\t\t\t\t<\/div>\n\t\t<\/section>\n\t\t\t\t\t\t<\/div>\n\t\t\t\t\t\t<\/div>\n\t\t\t\t\t<\/div>\n\t\t","protected":false},"excerpt":{"rendered":"<p>Danas je Kantonalno tu\u017eila\u0161tvo Kanton Sarajevo posjetio zamjenik direktora, Ensad Korman sa svojim saradnicima, na\u010delnikom Federalne istra\u017ene slu\u017ebe kriminalisti\u010dke policije, Ibrom Be\u0161lija i \u0161efom Deta\u0161mana Sarajevo, Mesudom Mustafi\u0107, kojom prilikom je odr\u017ean radni sastanak sa glavnom tu\u017eiteljicom Sabinom Sarajlija, te njenim zamjenicima Melihom Dugalija, Seadom Kre\u0161talica i Hrvojem \u010cabraji\u0107.  Cilj ove slu\u017ebene posjete je ja\u010danje saradnje&#8230;<\/p>\n","protected":false},"author":5,"featured_media":23109,"comment_status":"closed","ping_status":"open","sticky":false,"template":"","format":"standard","meta":{"spay_email":""},"categories":[81,7,6],"tags":[],"jetpack_featured_media_url":"http:\/\/fup.gov.ba\/wp-content\/uploads\/2021\/03\/Posjeta-KTKS-03.03.2021..jpg","_links":{"self":[{"href":"http:\/\/fup.gov.ba\/index.php?rest_route=\/wp\/v2\/posts\/23108"}],"collection":[{"href":"http:\/\/fup.gov.ba\/index.php?rest_route=\/wp\/v2\/posts"}],"about":[{"href":"http:\/\/fup.gov.ba\/index.php?rest_route=\/wp\/v2\/types\/post"}],"author":[{"embeddable":true,"href":"http:\/\/fup.gov.ba\/index.php?rest_route=\/wp\/v2\/users\/5"}],"replies":[{"embeddable":true,"href":"http:\/\/fup.gov.ba\/index.php?rest_route=%2Fwp%2Fv2%2Fcomments&post=23108"}],"version-history":[{"count":10,"href":"http:\/\/fup.gov.ba\/index.php?rest_route=\/wp\/v2\/posts\/23108\/revisions"}],"predecessor-version":[{"id":23119,"href":"http:\/\/fup.gov.ba\/index.php?rest_route=\/wp\/v2\/posts\/23108\/revisions\/23119"}],"wp:featuredmedia":[{"embeddable":true,"href":"http:\/\/fup.gov.ba\/index.php?rest_route=\/wp\/v2\/media\/23109"}],"wp:attachment":[{"href":"http:\/\/fup.gov.ba\/index.php?rest_route=%2Fwp%2Fv2%2Fmedia&parent=23108"}],"wp:term":[{"taxonomy":"category","embeddable":true,"href":"http:\/\/fup.gov.ba\/index.php?rest_route=%2Fwp%2Fv2%2Fcategories&post=23108"},{"taxonomy":"post_tag","embeddable":true,"href":"http:\/\/fup.gov.ba\/index.php?rest_route=%2Fwp%2Fv2%2Ftags&post=23108"}],"curies":[{"name":"wp","href":"https:\/\/api.w.org\/{rel}","templated":true}]}}