{"id":23120,"date":"2021-03-04T08:51:40","date_gmt":"2021-03-04T07:51:40","guid":{"rendered":"http:\/\/fup.gov.ba\/?p=23120"},"modified":"2021-03-04T08:51:40","modified_gmt":"2021-03-04T07:51:40","slug":"bilten-za-dan-03-04-03-2021-godine","status":"publish","type":"post","link":"http:\/\/fup.gov.ba\/?p=23120","title":{"rendered":"Bilten za dan 03\/04.03.2021. godine"},"content":{"rendered":"<p>Na osnovu izvje\u0161taja operativnih centara kantonalnih ministarstava unutarnjih poslova i Federalne uprave policije, tokom navedenog perioda na podru\u010dju Federacije BiH registrovano je:<!--more--><\/p>\n<p><strong>\u00a046 krivi\u010dnih djela<\/strong> i to:<\/p>\n<ul>\n<li>\u010detiri razbojni\u0161tva,<\/li>\n<li>15 te\u0161kih kra\u0111a;<\/li>\n<li>tri kra\u0111e;<\/li>\n<li>\u010detiri nasilja u porodici;<\/li>\n<li>dva o\u0161te\u0107enja tu\u0111e stvari;<\/li>\n<li>jedno ugro\u017eavanje sigurnosti;<\/li>\n<li>dva posjedovanja i omogu\u0107avanja u\u017eivanja opojnih droga;<\/li>\n<li>15 \u00a0ostalih krivi\u010dnih djela;<\/li>\n<\/ul>\n<p><strong>48 naru\u0161avanja javnog reda i mira.<\/strong><\/p>\n<p><strong>45<\/strong> saobra\u0107ajnih nezgoda, u kojima je jedno lice smrtno stradalo, dva lica zadobilo te\u017ee tjelesne povrede, devet lica zadobilo\u00a0 lak\u0161e tjelesne povrede.<\/p>\n<p><strong>13 lica je li\u0161eno slobode, a 9 lica je zadr\u017eano.<\/strong><\/p>\n","protected":false},"excerpt":{"rendered":"<p>Na osnovu izvje\u0161taja operativnih centara kantonalnih ministarstava unutarnjih poslova i Federalne uprave policije, tokom navedenog perioda na podru\u010dju Federacije BiH registrovano je:<\/p>\n","protected":false},"author":5,"featured_media":0,"comment_status":"closed","ping_status":"open","sticky":false,"template":"","format":"standard","meta":{"spay_email":""},"categories":[81,5],"tags":[],"jetpack_featured_media_url":"","_links":{"self":[{"href":"http:\/\/fup.gov.ba\/index.php?rest_route=\/wp\/v2\/posts\/23120"}],"collection":[{"href":"http:\/\/fup.gov.ba\/index.php?rest_route=\/wp\/v2\/posts"}],"about":[{"href":"http:\/\/fup.gov.ba\/index.php?rest_route=\/wp\/v2\/types\/post"}],"author":[{"embeddable":true,"href":"http:\/\/fup.gov.ba\/index.php?rest_route=\/wp\/v2\/users\/5"}],"replies":[{"embeddable":true,"href":"http:\/\/fup.gov.ba\/index.php?rest_route=%2Fwp%2Fv2%2Fcomments&post=23120"}],"version-history":[{"count":1,"href":"http:\/\/fup.gov.ba\/index.php?rest_route=\/wp\/v2\/posts\/23120\/revisions"}],"predecessor-version":[{"id":23121,"href":"http:\/\/fup.gov.ba\/index.php?rest_route=\/wp\/v2\/posts\/23120\/revisions\/23121"}],"wp:attachment":[{"href":"http:\/\/fup.gov.ba\/index.php?rest_route=%2Fwp%2Fv2%2Fmedia&parent=23120"}],"wp:term":[{"taxonomy":"category","embeddable":true,"href":"http:\/\/fup.gov.ba\/index.php?rest_route=%2Fwp%2Fv2%2Fcategories&post=23120"},{"taxonomy":"post_tag","embeddable":true,"href":"http:\/\/fup.gov.ba\/index.php?rest_route=%2Fwp%2Fv2%2Ftags&post=23120"}],"curies":[{"name":"wp","href":"https:\/\/api.w.org\/{rel}","templated":true}]}}