{"id":23135,"date":"2021-03-05T15:41:01","date_gmt":"2021-03-05T14:41:01","guid":{"rendered":"http:\/\/fup.gov.ba\/?p=23135"},"modified":"2022-07-22T11:57:16","modified_gmt":"2022-07-22T09:57:16","slug":"radna-posjeta-kantonalnom-tuzilastvu-zenicko-dobojskog-kantona-u-cilju-jacanja-saradnje","status":"publish","type":"post","link":"http:\/\/fup.gov.ba\/?p=23135","title":{"rendered":"Radna posjeta Kantonalnom tu\u017eila\u0161tvu Zeni\u010dko-dobojskog kantona u cilju ja\u010danja saradnje"},"content":{"rendered":"\t\t<div data-elementor-type=\"wp-post\" data-elementor-id=\"23135\" class=\"elementor elementor-23135\" data-elementor-settings=\"[]\">\n\t\t\t\t\t\t<div class=\"elementor-inner\">\n\t\t\t\t\t\t\t<div class=\"elementor-section-wrap\">\n\t\t\t\t\t\t\t<section class=\"has_eae_slider elementor-section elementor-top-section elementor-element elementor-element-f665ff9 elementor-section-boxed elementor-section-height-default elementor-section-height-default\" data-id=\"f665ff9\" data-element_type=\"section\">\n\t\t\t\t\t\t<div class=\"elementor-container elementor-column-gap-default\">\n\t\t\t\t\t\t\t<div class=\"elementor-row\">\n\t\t\t\t\t<div class=\"has_eae_slider elementor-column elementor-col-100 elementor-top-column elementor-element elementor-element-2021e7dd\" data-id=\"2021e7dd\" data-element_type=\"column\">\n\t\t\t<div class=\"elementor-column-wrap elementor-element-populated\">\n\t\t\t\t\t\t\t<div class=\"elementor-widget-wrap\">\n\t\t\t\t\t\t<div class=\"elementor-element elementor-element-51328b9 elementor-widget elementor-widget-text-editor\" data-id=\"51328b9\" data-element_type=\"widget\" data-widget_type=\"text-editor.default\">\n\t\t\t\t<div class=\"elementor-widget-container\">\n\t\t\t\t\t\t\t\t<div class=\"elementor-text-editor elementor-clearfix\">\n\t\t\t\t<p>Danas je Kantonalno tu\u017eila\u0161tvo Zeni\u010dko-dobojskog kantona posjetio zamjenik direktora, gdin. Ensad Korman, kojom prilikom je odr\u017eao radni sastanak sa glavnom tu\u017eiteljicom Vesnom Kaknjo, gdje se razgovaralo o aktuelnim predmetima u radu koji se provode odre\u0111ene istra\u017ene organizacione jedinice Uprave policije pod nadzorom navedenog Tu\u017eila\u0161tva.&nbsp;<\/p>\n<p>Poseban osvrt su bili predmeti visoke korupcije, gdje je iznesen kao eklatantan primjer okon\u010dana istraga Federalne uprave policije i Kantonalnog tu\u017eila\u0161tva Zeni\u010dko-dobojskog kantona, gdje je Tu\u017eila\u0161tvo podiglo optu\u017enicu protiv N.K., A. T. i pravnog lica \u201eEU Exsplosive\u201c d.o.o Zenica, zbog produ\u017eenog krivi\u010dnog djela \u201eZloupotreba polo\u017eaja ili ovla\u0161tenja\u201c iz \u010dlana 383. stav 3., u vezi sa stavom 1. KZ FBIH, u kojem predmetu je utvr\u0111ena prisvojena protivpravna imovinska korist u ukupnom iznosu preko 8.000.000 KM.&nbsp;<\/p>\n<p>Rad u ovom predmetu je bio organizovan u okviru zajedni\u010dkog tima istra\u017eitelja i tu\u017eilaca koji su intenzivno radili od 2019. godine do januara 2021. godine kada je podignuta optu\u017enica protiv gore osumnji\u010denih.&nbsp;<\/p>\n<p>U konkretnom predmetu vo\u0111ena je i finansijska istraga protiv N.K. i drugih njemu bliskih lica, koja je u kona\u010dnici rezultirala podno\u0161enjem prijedloga za oduzimanje imovinske koristi, kao i odre\u0111ivanju mjere osiguranja \u2013 blokada ra\u010duna kod odre\u0111enih banaka.&nbsp;<\/p>\n<p>Glavna tu\u017eiteljica Kaknjo je na sastanku izrazila svoju posebnu zahvalnost Zamjeniku direktora Federalne uprave policije i istra\u017eiteljima koji su radili na ovom predmetu, koji su zahvaljuju\u0107i svojim profesionalnim referencama i upravlja\u010dkim sposobnostima dali zna\u010dajan doprinos u rasvjetljavanju i dokumentovanju ovog krivi\u010dnog djela. Tako\u0111e je istaknuto da se rad na ovom predmetu odvijao u nesvakida\u0161njim i ote\u017eanim uslovima rada prouzrokovanim stanjem pandemije uzrokovane virusom COVID-19, \u0161to nije predstavljalo prepreku da se ovakvi po\u010dinioci privedu licu pravde, zbog entuzijazma istra\u017enog tima.&nbsp;<\/p>\n<p>U kona\u010dnici Zamjenik direktora i Glavna tu\u017eiteljica su se slo\u017eili da upravo ovakvim rezultatima doprinose predan, profesionalan, a\u017euran i disciplinovan rad, te zalaganje kako policijskih slu\u017ebenika tako i tu\u017eioca.&nbsp;<\/p>\n<p>Na sastanku se razgovaralo i o drugim aktelnim predmetima u radu, zatim o modalitetima budu\u0107e saradnje u cilju dokumentovanja krivi\u010dnih djela iz domena Uprave policije.&nbsp;<\/p>\t\t\t\t\t<\/div>\n\t\t\t\t\t\t<\/div>\n\t\t\t\t<\/div>\n\t\t\t\t\t\t<\/div>\n\t\t\t\t\t<\/div>\n\t\t<\/div>\n\t\t\t\t\t\t\t\t<\/div>\n\t\t\t\t\t<\/div>\n\t\t<\/section>\n\t\t\t\t<section class=\"has_eae_slider elementor-section elementor-top-section elementor-element elementor-element-34aa2d5 elementor-section-boxed elementor-section-height-default elementor-section-height-default\" data-id=\"34aa2d5\" data-element_type=\"section\">\n\t\t\t\t\t\t<div class=\"elementor-container elementor-column-gap-default\">\n\t\t\t\t\t\t\t<div class=\"elementor-row\">\n\t\t\t\t\t<div class=\"has_eae_slider elementor-column elementor-col-100 elementor-top-column elementor-element elementor-element-bef81e3\" data-id=\"bef81e3\" data-element_type=\"column\">\n\t\t\t<div class=\"elementor-column-wrap elementor-element-populated\">\n\t\t\t\t\t\t\t<div class=\"elementor-widget-wrap\">\n\t\t\t\t\t\t<div class=\"elementor-element elementor-element-73cbde3 elementor-widget elementor-widget-image-gallery\" data-id=\"73cbde3\" data-element_type=\"widget\" data-widget_type=\"image-gallery.default\">\n\t\t\t\t<div class=\"elementor-widget-container\">\n\t\t\t\t\t<div class=\"elementor-image-gallery\">\n\t\t\t<div id='gallery-1' class='gallery galleryid-23135 gallery-columns-1 gallery-size-large'><figure class='gallery-item'>\n\t\t\t<div class='gallery-icon landscape'>\n\t\t\t\t<a data-elementor-open-lightbox=\"yes\" data-elementor-lightbox-slideshow=\"73cbde3\" data-elementor-lightbox-title=\"KT ZDK 5.3.21\" href='http:\/\/fup.gov.ba\/wp-content\/uploads\/2021\/03\/KT-ZDK-5.3.21.jpg'><img width=\"900\" height=\"600\" src=\"http:\/\/fup.gov.ba\/wp-content\/uploads\/2021\/03\/KT-ZDK-5.3.21.jpg\" class=\"attachment-large size-large\" alt=\"\" loading=\"lazy\" srcset=\"http:\/\/fup.gov.ba\/wp-content\/uploads\/2021\/03\/KT-ZDK-5.3.21.jpg 900w, http:\/\/fup.gov.ba\/wp-content\/uploads\/2021\/03\/KT-ZDK-5.3.21-300x200.jpg 300w, http:\/\/fup.gov.ba\/wp-content\/uploads\/2021\/03\/KT-ZDK-5.3.21-768x512.jpg 768w, http:\/\/fup.gov.ba\/wp-content\/uploads\/2021\/03\/KT-ZDK-5.3.21-350x233.jpg 350w\" sizes=\"(max-width: 900px) 100vw, 900px\" \/><\/a>\n\t\t\t<\/div><\/figure>\n\t\t<\/div>\n\t\t<\/div>\n\t\t\t\t<\/div>\n\t\t\t\t<\/div>\n\t\t\t\t\t\t<\/div>\n\t\t\t\t\t<\/div>\n\t\t<\/div>\n\t\t\t\t\t\t\t\t<\/div>\n\t\t\t\t\t<\/div>\n\t\t<\/section>\n\t\t\t\t\t\t<\/div>\n\t\t\t\t\t\t<\/div>\n\t\t\t\t\t<\/div>\n\t\t","protected":false},"excerpt":{"rendered":"<p>Danas je Kantonalno tu\u017eila\u0161tvo Zeni\u010dko-dobojskog kantona posjetio zamjenik direktora, gdin. Ensad Korman, kojom prilikom je odr\u017eao radni sastanak sa glavnom tu\u017eiteljicom Vesnom Kaknjo, gdje se razgovaralo o aktuelnim predmetima u radu koji se provode odre\u0111ene istra\u017ene organizacione jedinice Uprave policije pod nadzorom navedenog Tu\u017eila\u0161tva. Poseban osvrt su bili predmeti visoke korupcije&#8230;<\/p>\n","protected":false},"author":5,"featured_media":23136,"comment_status":"closed","ping_status":"open","sticky":false,"template":"","format":"standard","meta":{"spay_email":""},"categories":[81,6],"tags":[],"jetpack_featured_media_url":"http:\/\/fup.gov.ba\/wp-content\/uploads\/2021\/03\/KT-ZDK-5.3.21.jpg","_links":{"self":[{"href":"http:\/\/fup.gov.ba\/index.php?rest_route=\/wp\/v2\/posts\/23135"}],"collection":[{"href":"http:\/\/fup.gov.ba\/index.php?rest_route=\/wp\/v2\/posts"}],"about":[{"href":"http:\/\/fup.gov.ba\/index.php?rest_route=\/wp\/v2\/types\/post"}],"author":[{"embeddable":true,"href":"http:\/\/fup.gov.ba\/index.php?rest_route=\/wp\/v2\/users\/5"}],"replies":[{"embeddable":true,"href":"http:\/\/fup.gov.ba\/index.php?rest_route=%2Fwp%2Fv2%2Fcomments&post=23135"}],"version-history":[{"count":12,"href":"http:\/\/fup.gov.ba\/index.php?rest_route=\/wp\/v2\/posts\/23135\/revisions"}],"predecessor-version":[{"id":23221,"href":"http:\/\/fup.gov.ba\/index.php?rest_route=\/wp\/v2\/posts\/23135\/revisions\/23221"}],"wp:featuredmedia":[{"embeddable":true,"href":"http:\/\/fup.gov.ba\/index.php?rest_route=\/wp\/v2\/media\/23136"}],"wp:attachment":[{"href":"http:\/\/fup.gov.ba\/index.php?rest_route=%2Fwp%2Fv2%2Fmedia&parent=23135"}],"wp:term":[{"taxonomy":"category","embeddable":true,"href":"http:\/\/fup.gov.ba\/index.php?rest_route=%2Fwp%2Fv2%2Fcategories&post=23135"},{"taxonomy":"post_tag","embeddable":true,"href":"http:\/\/fup.gov.ba\/index.php?rest_route=%2Fwp%2Fv2%2Ftags&post=23135"}],"curies":[{"name":"wp","href":"https:\/\/api.w.org\/{rel}","templated":true}]}}