{"id":23151,"date":"2021-03-08T08:06:38","date_gmt":"2021-03-08T07:06:38","guid":{"rendered":"http:\/\/fup.gov.ba\/?p=23151"},"modified":"2021-03-08T08:06:38","modified_gmt":"2021-03-08T07:06:38","slug":"bilten-za-dan-05-06-03-2021-godine","status":"publish","type":"post","link":"http:\/\/fup.gov.ba\/?p=23151","title":{"rendered":"Bilten za dan 05\/06.03.2021. godine"},"content":{"rendered":"<p>Na osnovu izvje\u0161taja operativnih centara kantonalnih ministarstava unutarnjih poslova i Federalne uprave policije, tokom navedenog perioda na podru\u010dju Federacije BiH registrovano je:<!--more--><\/p>\n<p><strong>45<\/strong> <strong>krivi\u010dnih djela<\/strong> i to:<\/p>\n<ul>\n<li>dva razbojni\u0161tva;<\/li>\n<li>15 te\u0161kih kra\u0111a;<\/li>\n<li>tri kra\u0111e;<\/li>\n<li>pet nasilje u porodici;<\/li>\n<li>jedno o\u0161te\u010denje tu\u0111e stvari;<\/li>\n<li>jedno ugro\u017eavanje sigurnosti;<\/li>\n<li>jedno posjedovanje i omogu\u010davanje u\u017eivanja opojnih droga;<\/li>\n<li>17 ostalih krivi\u010dnih djela;<\/li>\n<\/ul>\n<p><strong>125<\/strong> <strong>naru\u0161avanja javnog reda i mira<\/strong> u kojima su \u010detiri lica zadobila lak\u0161e tjelesne povrede.<\/p>\n<p><strong>40 saobra\u0107ajnih nezgoda<\/strong>, u kojima je jedno lice smrtno stradalo, dva lica zadobilo te\u0161ke, a 14 lica lak\u0161e tjelesne povrede.<\/p>\n<p><strong>12 lica je li\u0161eno slobode, a osam \u00a0lica je zadr\u017eano.<\/strong><\/p>\n","protected":false},"excerpt":{"rendered":"<p>Na osnovu izvje\u0161taja operativnih centara kantonalnih ministarstava unutarnjih poslova i Federalne uprave policije, tokom navedenog perioda na podru\u010dju Federacije BiH registrovano je:<\/p>\n","protected":false},"author":5,"featured_media":0,"comment_status":"closed","ping_status":"open","sticky":false,"template":"","format":"standard","meta":{"spay_email":""},"categories":[81,5],"tags":[],"jetpack_featured_media_url":"","_links":{"self":[{"href":"http:\/\/fup.gov.ba\/index.php?rest_route=\/wp\/v2\/posts\/23151"}],"collection":[{"href":"http:\/\/fup.gov.ba\/index.php?rest_route=\/wp\/v2\/posts"}],"about":[{"href":"http:\/\/fup.gov.ba\/index.php?rest_route=\/wp\/v2\/types\/post"}],"author":[{"embeddable":true,"href":"http:\/\/fup.gov.ba\/index.php?rest_route=\/wp\/v2\/users\/5"}],"replies":[{"embeddable":true,"href":"http:\/\/fup.gov.ba\/index.php?rest_route=%2Fwp%2Fv2%2Fcomments&post=23151"}],"version-history":[{"count":1,"href":"http:\/\/fup.gov.ba\/index.php?rest_route=\/wp\/v2\/posts\/23151\/revisions"}],"predecessor-version":[{"id":23152,"href":"http:\/\/fup.gov.ba\/index.php?rest_route=\/wp\/v2\/posts\/23151\/revisions\/23152"}],"wp:attachment":[{"href":"http:\/\/fup.gov.ba\/index.php?rest_route=%2Fwp%2Fv2%2Fmedia&parent=23151"}],"wp:term":[{"taxonomy":"category","embeddable":true,"href":"http:\/\/fup.gov.ba\/index.php?rest_route=%2Fwp%2Fv2%2Fcategories&post=23151"},{"taxonomy":"post_tag","embeddable":true,"href":"http:\/\/fup.gov.ba\/index.php?rest_route=%2Fwp%2Fv2%2Ftags&post=23151"}],"curies":[{"name":"wp","href":"https:\/\/api.w.org\/{rel}","templated":true}]}}