{"id":23332,"date":"2021-03-23T08:06:44","date_gmt":"2021-03-23T07:06:44","guid":{"rendered":"http:\/\/fup.gov.ba\/?p=23332"},"modified":"2021-03-23T08:07:48","modified_gmt":"2021-03-23T07:07:48","slug":"bilten-za-dan-22-23-03-2021-godine","status":"publish","type":"post","link":"http:\/\/fup.gov.ba\/?p=23332","title":{"rendered":"Bilten za dan 22\/23.03.2021. godine"},"content":{"rendered":"<p style=\"text-align: justify;\">Na osnovu izvje\u0161taja operativnih centara kantonalnih ministarstava unutarnjih poslova i Federalne uprave policije, tokom navedenog perioda na podru\u010dju Federacije BiH registrovano je:<!--more--><\/p>\n<p style=\"text-align: justify;\"><strong>25<\/strong> <strong>krivi\u010dno djelo<\/strong> i to:<\/p>\n<ul style=\"text-align: justify;\">\n<li>jedno razbojni\u0161tvo;<\/li>\n<li>\u0161est te\u0161kih kra\u0111a;<\/li>\n<li>jedna kra\u0111a;<\/li>\n<li>jedno nasilje u porodici;<\/li>\n<li>tri o\u0161te\u0107enja tu\u0111e stvari;<\/li>\n<li>jedno izazivanje op\u0107e opasnosti;<\/li>\n<li>jedno posjedovanje opojnih droga;<\/li>\n<li>11 ostalih krivi\u010dnih djela;<\/li>\n<\/ul>\n<p style=\"text-align: justify;\"><strong>60 \u00a0naru\u0161avanja javnog reda i mira<\/strong> u kojima je jedno lice zadobilo lak\u0161e tjelesne povrede.<\/p>\n<p style=\"text-align: justify;\"><strong>45 saobra\u0107ajnih nezgoda<\/strong>, u \u00a0kojima su dva lica zadobila te\u0161ke tjelesne povrede, a dva lica zadobila\u00a0 lak\u0161e tjelesne povrede.<\/p>\n<p style=\"text-align: justify;\"><strong>17 lica je li\u0161eno slobode, a 17 \u00a0lica je zadr\u017eano.<\/strong><\/p>\n","protected":false},"excerpt":{"rendered":"<p>Na osnovu izvje\u0161taja operativnih centara kantonalnih ministarstava unutarnjih poslova i Federalne uprave policije, tokom navedenog perioda na podru\u010dju Federacije BiH registrovano je:<\/p>\n","protected":false},"author":5,"featured_media":0,"comment_status":"closed","ping_status":"open","sticky":false,"template":"","format":"standard","meta":{"spay_email":""},"categories":[81,5],"tags":[],"jetpack_featured_media_url":"","_links":{"self":[{"href":"http:\/\/fup.gov.ba\/index.php?rest_route=\/wp\/v2\/posts\/23332"}],"collection":[{"href":"http:\/\/fup.gov.ba\/index.php?rest_route=\/wp\/v2\/posts"}],"about":[{"href":"http:\/\/fup.gov.ba\/index.php?rest_route=\/wp\/v2\/types\/post"}],"author":[{"embeddable":true,"href":"http:\/\/fup.gov.ba\/index.php?rest_route=\/wp\/v2\/users\/5"}],"replies":[{"embeddable":true,"href":"http:\/\/fup.gov.ba\/index.php?rest_route=%2Fwp%2Fv2%2Fcomments&post=23332"}],"version-history":[{"count":3,"href":"http:\/\/fup.gov.ba\/index.php?rest_route=\/wp\/v2\/posts\/23332\/revisions"}],"predecessor-version":[{"id":23334,"href":"http:\/\/fup.gov.ba\/index.php?rest_route=\/wp\/v2\/posts\/23332\/revisions\/23334"}],"wp:attachment":[{"href":"http:\/\/fup.gov.ba\/index.php?rest_route=%2Fwp%2Fv2%2Fmedia&parent=23332"}],"wp:term":[{"taxonomy":"category","embeddable":true,"href":"http:\/\/fup.gov.ba\/index.php?rest_route=%2Fwp%2Fv2%2Fcategories&post=23332"},{"taxonomy":"post_tag","embeddable":true,"href":"http:\/\/fup.gov.ba\/index.php?rest_route=%2Fwp%2Fv2%2Ftags&post=23332"}],"curies":[{"name":"wp","href":"https:\/\/api.w.org\/{rel}","templated":true}]}}