{"id":23338,"date":"2021-03-25T08:10:26","date_gmt":"2021-03-25T07:10:26","guid":{"rendered":"http:\/\/fup.gov.ba\/?p=23338"},"modified":"2021-03-25T08:10:26","modified_gmt":"2021-03-25T07:10:26","slug":"bilten-za-dan-24-25-03-2021-godine","status":"publish","type":"post","link":"http:\/\/fup.gov.ba\/?p=23338","title":{"rendered":"Bilten za dan 24\/25.03.2021. godine"},"content":{"rendered":"<p style=\"text-align: justify;\">Na osnovu izvje\u0161taja operativnih centara kantonalnih ministarstava unutarnjih poslova i Federalne uprave policije, tokom navedenog perioda na podru\u010dju Federacije BiH registrovano je:<!--more--><\/p>\n<p style=\"text-align: justify;\"><strong>38<\/strong> <strong>krivi\u010dnih djela<\/strong> i to:<\/p>\n<ul style=\"text-align: justify;\">\n<li>jedno ubistvo u poku\u0161aju;<\/li>\n<li>\u0161est te\u0161kih kra\u0111a (jedno motorno vozilo);<\/li>\n<li>\u0161est kra\u0111a;<\/li>\n<li>dva izazivanja op\u0107e opasnosti;<\/li>\n<li>\u010detiri o\u0161te\u0107enja tu\u0111e stvari;<\/li>\n<li>19 ostalih krivi\u010dnih djela;<\/li>\n<\/ul>\n<p style=\"text-align: justify;\"><strong>104 naru\u0161avanja javnog reda i mira.<\/strong><\/p>\n<p style=\"text-align: justify;\"><strong>31 saobra\u0107ajna nezgoda<\/strong>, u kojima je jedno lice zadobilo te\u0161ke, a jedno lice lak\u0161e tjelesne povrede, dok za jedno lice nije utvr\u0111en stepen povrede.<\/p>\n<p style=\"text-align: justify;\"><strong>13 lica je li\u0161eno slobode, a 12 \u00a0lica je zadr\u017eano.<\/strong><\/p>\n","protected":false},"excerpt":{"rendered":"<p>Na osnovu izvje\u0161taja operativnih centara kantonalnih ministarstava unutarnjih poslova i Federalne uprave policije, tokom navedenog perioda na podru\u010dju Federacije BiH registrovano je:<\/p>\n","protected":false},"author":5,"featured_media":0,"comment_status":"closed","ping_status":"open","sticky":false,"template":"","format":"standard","meta":{"spay_email":""},"categories":[81,5],"tags":[],"jetpack_featured_media_url":"","_links":{"self":[{"href":"http:\/\/fup.gov.ba\/index.php?rest_route=\/wp\/v2\/posts\/23338"}],"collection":[{"href":"http:\/\/fup.gov.ba\/index.php?rest_route=\/wp\/v2\/posts"}],"about":[{"href":"http:\/\/fup.gov.ba\/index.php?rest_route=\/wp\/v2\/types\/post"}],"author":[{"embeddable":true,"href":"http:\/\/fup.gov.ba\/index.php?rest_route=\/wp\/v2\/users\/5"}],"replies":[{"embeddable":true,"href":"http:\/\/fup.gov.ba\/index.php?rest_route=%2Fwp%2Fv2%2Fcomments&post=23338"}],"version-history":[{"count":1,"href":"http:\/\/fup.gov.ba\/index.php?rest_route=\/wp\/v2\/posts\/23338\/revisions"}],"predecessor-version":[{"id":23339,"href":"http:\/\/fup.gov.ba\/index.php?rest_route=\/wp\/v2\/posts\/23338\/revisions\/23339"}],"wp:attachment":[{"href":"http:\/\/fup.gov.ba\/index.php?rest_route=%2Fwp%2Fv2%2Fmedia&parent=23338"}],"wp:term":[{"taxonomy":"category","embeddable":true,"href":"http:\/\/fup.gov.ba\/index.php?rest_route=%2Fwp%2Fv2%2Fcategories&post=23338"},{"taxonomy":"post_tag","embeddable":true,"href":"http:\/\/fup.gov.ba\/index.php?rest_route=%2Fwp%2Fv2%2Ftags&post=23338"}],"curies":[{"name":"wp","href":"https:\/\/api.w.org\/{rel}","templated":true}]}}