{"id":23359,"date":"2021-03-26T12:17:41","date_gmt":"2021-03-26T11:17:41","guid":{"rendered":"http:\/\/fup.gov.ba\/?p=23359"},"modified":"2021-03-26T13:51:31","modified_gmt":"2021-03-26T12:51:31","slug":"liseno-slobode-jedno-lice-iz-mostara-zbog-kd-nedozvoljenja-proizvodnja-i-stavljanje-u-promet-opojnih-droga","status":"publish","type":"post","link":"http:\/\/fup.gov.ba\/?p=23359","title":{"rendered":"Li\u0161eno slobode jedno lice iz Mostara zbog KD \u201eNedozvoljenja proizvodnja i stavljanje u promet opojnih droga\u201c"},"content":{"rendered":"\t\t<div data-elementor-type=\"wp-post\" data-elementor-id=\"23359\" class=\"elementor elementor-23359\" data-elementor-settings=\"[]\">\n\t\t\t\t\t\t<div class=\"elementor-inner\">\n\t\t\t\t\t\t\t<div class=\"elementor-section-wrap\">\n\t\t\t\t\t\t\t<section class=\"has_eae_slider elementor-section elementor-top-section elementor-element elementor-element-5a39e624 elementor-section-boxed elementor-section-height-default elementor-section-height-default\" data-id=\"5a39e624\" data-element_type=\"section\">\n\t\t\t\t\t\t<div class=\"elementor-container elementor-column-gap-default\">\n\t\t\t\t\t\t\t<div class=\"elementor-row\">\n\t\t\t\t\t<div class=\"has_eae_slider elementor-column elementor-col-100 elementor-top-column elementor-element elementor-element-5cfb5ab9\" data-id=\"5cfb5ab9\" data-element_type=\"column\">\n\t\t\t<div class=\"elementor-column-wrap elementor-element-populated\">\n\t\t\t\t\t\t\t<div class=\"elementor-widget-wrap\">\n\t\t\t\t\t\t<div class=\"elementor-element elementor-element-5e5bd763 elementor-widget elementor-widget-text-editor\" data-id=\"5e5bd763\" data-element_type=\"widget\" data-widget_type=\"text-editor.default\">\n\t\t\t\t<div class=\"elementor-widget-container\">\n\t\t\t\t\t\t\t\t<div class=\"elementor-text-editor elementor-clearfix\">\n\t\t\t\t<p style=\"text-align: justify;\">Policijski slu\u017ebenici Federalne uprave policije su u poslijepodnevnim satima 25.3.2021. godine, pod nadzorom Kantonalnog tu\u017eila\u0161tva Hercegova\u010dko-neretvanskog kantona, poduzimaju\u0107i mjere i radnje iz svoje nadle\u017enosti li\u0161ili slobode jedno lice iz Mostara inicijala M.D. (2001.) koje se sumnji\u010di za izvr\u0161enje krivi\u010dnog djela \u201eNedozvoljenja proizvodnja i stavljanje u promet opojnih droga\u201c iz \u010dlana 238. stav. 1. Krivi\u010dnog Zakona Federacije Bosne i Hercegovine. Navedeno lice je li\u0161eno slobode u iznajmljenom apartmanu \u201eStudent City\u201c u Mostaru, koji je isti koristio radi pripreme i dalje prodaje opojne droge konzumentima.<\/p>\r\n<p style=\"text-align: justify;\">U skopu navedenih aktivnosti, a po Naredbi Op\u0107inskog suda u Mostaru izvr\u0161en je pretres spomenutog apartmana koji je koristi osumnji\u010deni kao i njegovo putni\u010dko motorno vozilo, a kojom prilikom je prona\u0111ena i oduzeta odre\u0111ena koli\u010dina zeljaste materija koja asocira na opojnu drogu \u201eCannabis Sativa L\u201c, odre\u0111ena koli\u010dina materije koja asocira na opojnu drogu \u201eAmfetamin\u201c, digitalna vaga i drugi pribor za pripremu, pakovanje i dalju preprodaju opojne droge, te drugi predmeti koji poti\u010du ili se dovode u vezu sa predmetnim krivi\u010dnim djelom, a koji \u0107e biti kori\u0161teni kao dokaz u krivi\u010dnom postupku.<\/p>\r\n<p style=\"text-align: justify;\">Lice li\u0161eno slobode je kriminalisti\u010dki obra\u0111eno u slu\u017ebenim prostorijama Federalne uprave policije u Mostaru gdje zadr\u017eano 24 sata, te je protiv istog podnesen Izvje\u0161taj o po\u010dinjenom krivi\u010dnom djelu Kantonalnom tu\u017eila\u0161tvu Hercegova\u010dko-neretvanskog kantona.<\/p>\t\t\t\t\t<\/div>\n\t\t\t\t\t\t<\/div>\n\t\t\t\t<\/div>\n\t\t\t\t\t\t<\/div>\n\t\t\t\t\t<\/div>\n\t\t<\/div>\n\t\t\t\t\t\t\t\t<\/div>\n\t\t\t\t\t<\/div>\n\t\t<\/section>\n\t\t\t\t<section class=\"has_eae_slider elementor-section elementor-top-section elementor-element elementor-element-5e91f2d elementor-section-boxed elementor-section-height-default elementor-section-height-default\" data-id=\"5e91f2d\" data-element_type=\"section\">\n\t\t\t\t\t\t<div class=\"elementor-container elementor-column-gap-default\">\n\t\t\t\t\t\t\t<div class=\"elementor-row\">\n\t\t\t\t\t<div class=\"has_eae_slider elementor-column elementor-col-100 elementor-top-column elementor-element elementor-element-77b3484\" data-id=\"77b3484\" data-element_type=\"column\">\n\t\t\t<div class=\"elementor-column-wrap elementor-element-populated\">\n\t\t\t\t\t\t\t<div class=\"elementor-widget-wrap\">\n\t\t\t\t\t\t<div class=\"elementor-element elementor-element-fabdaa2 elementor-widget elementor-widget-image-gallery\" data-id=\"fabdaa2\" data-element_type=\"widget\" data-widget_type=\"image-gallery.default\">\n\t\t\t\t<div class=\"elementor-widget-container\">\n\t\t\t\t\t<div class=\"elementor-image-gallery\">\n\t\t\t<div id='gallery-1' class='gallery galleryid-23359 gallery-columns-1 gallery-size-large'><figure class='gallery-item'>\n\t\t\t<div class='gallery-icon landscape'>\n\t\t\t\t<a data-elementor-open-lightbox=\"yes\" data-elementor-lightbox-slideshow=\"fabdaa2\" data-elementor-lightbox-title=\"student_city_26.3.21.\" href='http:\/\/fup.gov.ba\/wp-content\/uploads\/2021\/03\/student_city_26.3.21..jpg'><img width=\"900\" height=\"608\" src=\"http:\/\/fup.gov.ba\/wp-content\/uploads\/2021\/03\/student_city_26.3.21..jpg\" class=\"attachment-large size-large\" alt=\"\" loading=\"lazy\" srcset=\"http:\/\/fup.gov.ba\/wp-content\/uploads\/2021\/03\/student_city_26.3.21..jpg 900w, http:\/\/fup.gov.ba\/wp-content\/uploads\/2021\/03\/student_city_26.3.21.-300x203.jpg 300w, http:\/\/fup.gov.ba\/wp-content\/uploads\/2021\/03\/student_city_26.3.21.-768x519.jpg 768w, http:\/\/fup.gov.ba\/wp-content\/uploads\/2021\/03\/student_city_26.3.21.-350x236.jpg 350w\" sizes=\"(max-width: 900px) 100vw, 900px\" \/><\/a>\n\t\t\t<\/div><\/figure>\n\t\t<\/div>\n\t\t<\/div>\n\t\t\t\t<\/div>\n\t\t\t\t<\/div>\n\t\t\t\t\t\t<\/div>\n\t\t\t\t\t<\/div>\n\t\t<\/div>\n\t\t\t\t\t\t\t\t<\/div>\n\t\t\t\t\t<\/div>\n\t\t<\/section>\n\t\t\t\t\t\t<\/div>\n\t\t\t\t\t\t<\/div>\n\t\t\t\t\t<\/div>\n\t\t","protected":false},"excerpt":{"rendered":"<p>Policijski slu\u017ebenici Federalne uprave policije su u poslijepodnevnim satima 25.3.2021. godine, pod nadzorom Kantonalnog tu\u017eila\u0161tva Hercegova\u010dko-neretvanskog kantona, poduzimaju\u0107i mjere i radnje iz svoje nadle\u017enosti li\u0161ili slobode jedno lice iz Mostara inicijala M.D. (2001.) koje se sumnji\u010di za izvr\u0161enje krivi\u010dnog djela \u201eNedozvoljenja proizvodnja i stavljanje u promet opojnih droga\u201c. Navedeno lice je li\u0161eno slobode u iznajmljenom apartmanu \u201eStudent City\u201c u Mostaru&#8230;<\/p>\n","protected":false},"author":5,"featured_media":23361,"comment_status":"closed","ping_status":"open","sticky":false,"template":"","format":"standard","meta":{"spay_email":""},"categories":[81,6],"tags":[],"jetpack_featured_media_url":"http:\/\/fup.gov.ba\/wp-content\/uploads\/2021\/03\/student_city_26.3.21..jpg","_links":{"self":[{"href":"http:\/\/fup.gov.ba\/index.php?rest_route=\/wp\/v2\/posts\/23359"}],"collection":[{"href":"http:\/\/fup.gov.ba\/index.php?rest_route=\/wp\/v2\/posts"}],"about":[{"href":"http:\/\/fup.gov.ba\/index.php?rest_route=\/wp\/v2\/types\/post"}],"author":[{"embeddable":true,"href":"http:\/\/fup.gov.ba\/index.php?rest_route=\/wp\/v2\/users\/5"}],"replies":[{"embeddable":true,"href":"http:\/\/fup.gov.ba\/index.php?rest_route=%2Fwp%2Fv2%2Fcomments&post=23359"}],"version-history":[{"count":10,"href":"http:\/\/fup.gov.ba\/index.php?rest_route=\/wp\/v2\/posts\/23359\/revisions"}],"predecessor-version":[{"id":23370,"href":"http:\/\/fup.gov.ba\/index.php?rest_route=\/wp\/v2\/posts\/23359\/revisions\/23370"}],"wp:featuredmedia":[{"embeddable":true,"href":"http:\/\/fup.gov.ba\/index.php?rest_route=\/wp\/v2\/media\/23361"}],"wp:attachment":[{"href":"http:\/\/fup.gov.ba\/index.php?rest_route=%2Fwp%2Fv2%2Fmedia&parent=23359"}],"wp:term":[{"taxonomy":"category","embeddable":true,"href":"http:\/\/fup.gov.ba\/index.php?rest_route=%2Fwp%2Fv2%2Fcategories&post=23359"},{"taxonomy":"post_tag","embeddable":true,"href":"http:\/\/fup.gov.ba\/index.php?rest_route=%2Fwp%2Fv2%2Ftags&post=23359"}],"curies":[{"name":"wp","href":"https:\/\/api.w.org\/{rel}","templated":true}]}}