{"id":23373,"date":"2021-03-29T07:04:22","date_gmt":"2021-03-29T06:04:22","guid":{"rendered":"http:\/\/fup.gov.ba\/?p=23373"},"modified":"2021-03-29T07:04:22","modified_gmt":"2021-03-29T06:04:22","slug":"bilten-za-dan-27-28-03-2021-godine","status":"publish","type":"post","link":"http:\/\/fup.gov.ba\/?p=23373","title":{"rendered":"Bilten za dan 27\/28.03.2021. godine"},"content":{"rendered":"<p style=\"text-align: justify;\">Na osnovu izvje\u0161taja operativnih centara kantonalnih ministarstava unutarnjih poslova i Federalne uprave policije, tokom navedenog perioda na podru\u010dju Federacije BiH registrovano je:<!--more--><\/p>\n<p style=\"text-align: justify;\"><strong>28 <\/strong>\u00a0<strong>krivi\u010dnih djela<\/strong> i to:<\/p>\n<ul style=\"text-align: justify;\">\n<li>jedno ubistvo;<\/li>\n<li>pet te\u0161kih kra\u0111a;<\/li>\n<li>\u010detiri \u00a0kra\u0111e;<\/li>\n<li>dva nasilja u porodici;<\/li>\n<li>dva izazivanja op\u0161te opasnosti;<\/li>\n<li>14 \u00a0ostalih krivi\u010dnih djela;<\/li>\n<\/ul>\n<p style=\"text-align: justify;\"><strong>133 naru\u0161avanja javnog reda i mira<\/strong>, u kojima je jedno lice zadobilo lak\u0161e tjelesne povrede.<\/p>\n<p style=\"text-align: justify;\"><strong>40<\/strong> <strong>saobra\u0107ajnih nezgoda<\/strong>, u kojima je jedno lice zadobilo te\u017ee tjelesne povrede, deset lica zadobilo lak\u0161e tjelesne povrede, jedno lice zadobilo neutvr\u0111en stepen tjelesnih povreda.<\/p>\n<p style=\"text-align: justify;\"><strong>15 lica je li\u0161eno slobode, a 13 \u00a0lica je zadr\u017eano.<\/strong><\/p>\n","protected":false},"excerpt":{"rendered":"<p>Na osnovu izvje\u0161taja operativnih centara kantonalnih ministarstava unutarnjih poslova i Federalne uprave policije, tokom navedenog perioda na podru\u010dju Federacije BiH registrovano je:<\/p>\n","protected":false},"author":5,"featured_media":0,"comment_status":"closed","ping_status":"open","sticky":false,"template":"","format":"standard","meta":{"spay_email":""},"categories":[81,5],"tags":[],"jetpack_featured_media_url":"","_links":{"self":[{"href":"http:\/\/fup.gov.ba\/index.php?rest_route=\/wp\/v2\/posts\/23373"}],"collection":[{"href":"http:\/\/fup.gov.ba\/index.php?rest_route=\/wp\/v2\/posts"}],"about":[{"href":"http:\/\/fup.gov.ba\/index.php?rest_route=\/wp\/v2\/types\/post"}],"author":[{"embeddable":true,"href":"http:\/\/fup.gov.ba\/index.php?rest_route=\/wp\/v2\/users\/5"}],"replies":[{"embeddable":true,"href":"http:\/\/fup.gov.ba\/index.php?rest_route=%2Fwp%2Fv2%2Fcomments&post=23373"}],"version-history":[{"count":1,"href":"http:\/\/fup.gov.ba\/index.php?rest_route=\/wp\/v2\/posts\/23373\/revisions"}],"predecessor-version":[{"id":23374,"href":"http:\/\/fup.gov.ba\/index.php?rest_route=\/wp\/v2\/posts\/23373\/revisions\/23374"}],"wp:attachment":[{"href":"http:\/\/fup.gov.ba\/index.php?rest_route=%2Fwp%2Fv2%2Fmedia&parent=23373"}],"wp:term":[{"taxonomy":"category","embeddable":true,"href":"http:\/\/fup.gov.ba\/index.php?rest_route=%2Fwp%2Fv2%2Fcategories&post=23373"},{"taxonomy":"post_tag","embeddable":true,"href":"http:\/\/fup.gov.ba\/index.php?rest_route=%2Fwp%2Fv2%2Ftags&post=23373"}],"curies":[{"name":"wp","href":"https:\/\/api.w.org\/{rel}","templated":true}]}}