{"id":23380,"date":"2021-03-28T07:38:36","date_gmt":"2021-03-28T06:38:36","guid":{"rendered":"http:\/\/fup.gov.ba\/?p=23380"},"modified":"2021-03-29T07:40:15","modified_gmt":"2021-03-29T06:40:15","slug":"obiljezena-22-godisnjica-smrti-zamjenika-ministra-fmup-a-joze-leutara","status":"publish","type":"post","link":"http:\/\/fup.gov.ba\/?p=23380","title":{"rendered":"Obilje\u017eena 22. godi\u0161njica smrti zamjenika ministra FMUP-a, Joze Leutara"},"content":{"rendered":"\t\t<div data-elementor-type=\"wp-post\" data-elementor-id=\"23380\" class=\"elementor elementor-23380\" data-elementor-settings=\"[]\">\n\t\t\t\t\t\t<div class=\"elementor-inner\">\n\t\t\t\t\t\t\t<div class=\"elementor-section-wrap\">\n\t\t\t\t\t\t\t<section class=\"has_eae_slider elementor-section elementor-top-section elementor-element elementor-element-eec4b23 elementor-section-boxed elementor-section-height-default elementor-section-height-default\" data-id=\"eec4b23\" data-element_type=\"section\">\n\t\t\t\t\t\t<div class=\"elementor-container elementor-column-gap-default\">\n\t\t\t\t\t\t\t<div class=\"elementor-row\">\n\t\t\t\t\t<div class=\"has_eae_slider elementor-column elementor-col-100 elementor-top-column elementor-element elementor-element-4434281\" data-id=\"4434281\" data-element_type=\"column\">\n\t\t\t<div class=\"elementor-column-wrap elementor-element-populated\">\n\t\t\t\t\t\t\t<div class=\"elementor-widget-wrap\">\n\t\t\t\t\t\t<div class=\"elementor-element elementor-element-75ee378 elementor-widget elementor-widget-text-editor\" data-id=\"75ee378\" data-element_type=\"widget\" data-widget_type=\"text-editor.default\">\n\t\t\t\t<div class=\"elementor-widget-container\">\n\t\t\t\t\t\t\t\t<div class=\"elementor-text-editor elementor-clearfix\">\n\t\t\t\t<p>Delegacija Federalne uprave policije je danas, 28.03.2021. godine polo\u017eiti vjence u zgradi Federalnog ministarstva unutra\u0161njih poslova \/ Federalne uprave policije, kao i na mjestu ukopa u Mostaru pok. zamjenika ministra Federalnog ministarstva unutra\u0161njih poslova, Joze Leutara.<\/p>\t\t\t\t\t<\/div>\n\t\t\t\t\t\t<\/div>\n\t\t\t\t<\/div>\n\t\t\t\t\t\t<\/div>\n\t\t\t\t\t<\/div>\n\t\t<\/div>\n\t\t\t\t\t\t\t\t<\/div>\n\t\t\t\t\t<\/div>\n\t\t<\/section>\n\t\t\t\t<section class=\"has_eae_slider elementor-section elementor-top-section elementor-element elementor-element-92c4eb3 elementor-section-boxed elementor-section-height-default elementor-section-height-default\" data-id=\"92c4eb3\" data-element_type=\"section\">\n\t\t\t\t\t\t<div class=\"elementor-container elementor-column-gap-default\">\n\t\t\t\t\t\t\t<div class=\"elementor-row\">\n\t\t\t\t\t<div class=\"has_eae_slider elementor-column elementor-col-100 elementor-top-column elementor-element elementor-element-18a296e\" data-id=\"18a296e\" data-element_type=\"column\">\n\t\t\t<div class=\"elementor-column-wrap elementor-element-populated\">\n\t\t\t\t\t\t\t<div class=\"elementor-widget-wrap\">\n\t\t\t\t\t\t<div class=\"elementor-element elementor-element-9feae62 elementor-widget elementor-widget-heading\" data-id=\"9feae62\" data-element_type=\"widget\" data-widget_type=\"heading.default\">\n\t\t\t\t<div class=\"elementor-widget-container\">\n\t\t\t<span class=\"elementor-heading-title elementor-size-default\">Polaganje vijenaca u Sarajevu<\/span>\t\t<\/div>\n\t\t\t\t<\/div>\n\t\t\t\t\t\t<\/div>\n\t\t\t\t\t<\/div>\n\t\t<\/div>\n\t\t\t\t\t\t\t\t<\/div>\n\t\t\t\t\t<\/div>\n\t\t<\/section>\n\t\t\t\t<section class=\"has_eae_slider elementor-section elementor-top-section elementor-element elementor-element-22e314e elementor-section-boxed elementor-section-height-default elementor-section-height-default\" data-id=\"22e314e\" data-element_type=\"section\">\n\t\t\t\t\t\t<div class=\"elementor-container elementor-column-gap-default\">\n\t\t\t\t\t\t\t<div class=\"elementor-row\">\n\t\t\t\t\t<div class=\"has_eae_slider elementor-column elementor-col-100 elementor-top-column elementor-element elementor-element-905d743\" data-id=\"905d743\" data-element_type=\"column\">\n\t\t\t<div class=\"elementor-column-wrap elementor-element-populated\">\n\t\t\t\t\t\t\t<div class=\"elementor-widget-wrap\">\n\t\t\t\t\t\t<div class=\"elementor-element elementor-element-2c4b634 elementor-widget elementor-widget-image-gallery\" data-id=\"2c4b634\" data-element_type=\"widget\" data-widget_type=\"image-gallery.default\">\n\t\t\t\t<div class=\"elementor-widget-container\">\n\t\t\t\t\t<div class=\"elementor-image-gallery\">\n\t\t\t<div id='gallery-1' class='gallery galleryid-23380 gallery-columns-1 gallery-size-medium_large'><figure class='gallery-item'>\n\t\t\t<div class='gallery-icon landscape'>\n\t\t\t\t<a data-elementor-open-lightbox=\"yes\" data-elementor-lightbox-slideshow=\"2c4b634\" data-elementor-lightbox-title=\"Polaganje vijenca Sarajevo 1\" href='http:\/\/fup.gov.ba\/wp-content\/uploads\/2020\/07\/Polaganje-vijenca-Sarajevo-1.jpg'><img width=\"768\" height=\"768\" src=\"http:\/\/fup.gov.ba\/wp-content\/uploads\/2020\/07\/Polaganje-vijenca-Sarajevo-1-768x768.jpg\" class=\"attachment-medium_large size-medium_large\" alt=\"\" loading=\"lazy\" srcset=\"http:\/\/fup.gov.ba\/wp-content\/uploads\/2020\/07\/Polaganje-vijenca-Sarajevo-1-768x768.jpg 768w, http:\/\/fup.gov.ba\/wp-content\/uploads\/2020\/07\/Polaganje-vijenca-Sarajevo-1-300x300.jpg 300w, http:\/\/fup.gov.ba\/wp-content\/uploads\/2020\/07\/Polaganje-vijenca-Sarajevo-1-150x150.jpg 150w, http:\/\/fup.gov.ba\/wp-content\/uploads\/2020\/07\/Polaganje-vijenca-Sarajevo-1-350x350.jpg 350w, http:\/\/fup.gov.ba\/wp-content\/uploads\/2020\/07\/Polaganje-vijenca-Sarajevo-1.jpg 900w\" sizes=\"(max-width: 768px) 100vw, 768px\" \/><\/a>\n\t\t\t<\/div><\/figure><figure class='gallery-item'>\n\t\t\t<div class='gallery-icon landscape'>\n\t\t\t\t<a data-elementor-open-lightbox=\"yes\" data-elementor-lightbox-slideshow=\"2c4b634\" data-elementor-lightbox-title=\"Polaganje vijenca Sarajevo 2\" href='http:\/\/fup.gov.ba\/wp-content\/uploads\/2020\/07\/Polaganje-vijenca-Sarajevo-2.jpg'><img width=\"768\" height=\"512\" src=\"http:\/\/fup.gov.ba\/wp-content\/uploads\/2020\/07\/Polaganje-vijenca-Sarajevo-2-768x512.jpg\" class=\"attachment-medium_large size-medium_large\" alt=\"\" loading=\"lazy\" srcset=\"http:\/\/fup.gov.ba\/wp-content\/uploads\/2020\/07\/Polaganje-vijenca-Sarajevo-2-768x512.jpg 768w, http:\/\/fup.gov.ba\/wp-content\/uploads\/2020\/07\/Polaganje-vijenca-Sarajevo-2-300x200.jpg 300w, http:\/\/fup.gov.ba\/wp-content\/uploads\/2020\/07\/Polaganje-vijenca-Sarajevo-2-350x233.jpg 350w, http:\/\/fup.gov.ba\/wp-content\/uploads\/2020\/07\/Polaganje-vijenca-Sarajevo-2.jpg 900w\" sizes=\"(max-width: 768px) 100vw, 768px\" \/><\/a>\n\t\t\t<\/div><\/figure><figure class='gallery-item'>\n\t\t\t<div class='gallery-icon landscape'>\n\t\t\t\t<a data-elementor-open-lightbox=\"yes\" data-elementor-lightbox-slideshow=\"2c4b634\" data-elementor-lightbox-title=\"Polaganje vijenca Sarajevo 3\" href='http:\/\/fup.gov.ba\/wp-content\/uploads\/2020\/07\/Polaganje-vijenca-Sarajevo-3.jpg'><img width=\"768\" height=\"512\" src=\"http:\/\/fup.gov.ba\/wp-content\/uploads\/2020\/07\/Polaganje-vijenca-Sarajevo-3-768x512.jpg\" class=\"attachment-medium_large size-medium_large\" alt=\"\" loading=\"lazy\" srcset=\"http:\/\/fup.gov.ba\/wp-content\/uploads\/2020\/07\/Polaganje-vijenca-Sarajevo-3-768x512.jpg 768w, http:\/\/fup.gov.ba\/wp-content\/uploads\/2020\/07\/Polaganje-vijenca-Sarajevo-3-300x200.jpg 300w, http:\/\/fup.gov.ba\/wp-content\/uploads\/2020\/07\/Polaganje-vijenca-Sarajevo-3-350x233.jpg 350w, http:\/\/fup.gov.ba\/wp-content\/uploads\/2020\/07\/Polaganje-vijenca-Sarajevo-3.jpg 900w\" sizes=\"(max-width: 768px) 100vw, 768px\" \/><\/a>\n\t\t\t<\/div><\/figure><figure class='gallery-item'>\n\t\t\t<div class='gallery-icon landscape'>\n\t\t\t\t<a data-elementor-open-lightbox=\"yes\" data-elementor-lightbox-slideshow=\"2c4b634\" data-elementor-lightbox-title=\"Polaganje vijenca Sarajevo 4\" href='http:\/\/fup.gov.ba\/wp-content\/uploads\/2020\/07\/Polaganje-vijenca-Sarajevo-4.jpg'><img width=\"768\" height=\"768\" src=\"http:\/\/fup.gov.ba\/wp-content\/uploads\/2020\/07\/Polaganje-vijenca-Sarajevo-4-768x768.jpg\" class=\"attachment-medium_large size-medium_large\" alt=\"\" loading=\"lazy\" srcset=\"http:\/\/fup.gov.ba\/wp-content\/uploads\/2020\/07\/Polaganje-vijenca-Sarajevo-4-768x768.jpg 768w, http:\/\/fup.gov.ba\/wp-content\/uploads\/2020\/07\/Polaganje-vijenca-Sarajevo-4-300x300.jpg 300w, http:\/\/fup.gov.ba\/wp-content\/uploads\/2020\/07\/Polaganje-vijenca-Sarajevo-4-150x150.jpg 150w, http:\/\/fup.gov.ba\/wp-content\/uploads\/2020\/07\/Polaganje-vijenca-Sarajevo-4-350x350.jpg 350w, http:\/\/fup.gov.ba\/wp-content\/uploads\/2020\/07\/Polaganje-vijenca-Sarajevo-4.jpg 900w\" sizes=\"(max-width: 768px) 100vw, 768px\" \/><\/a>\n\t\t\t<\/div><\/figure>\n\t\t<\/div>\n\t\t<\/div>\n\t\t\t\t<\/div>\n\t\t\t\t<\/div>\n\t\t\t\t\t\t<\/div>\n\t\t\t\t\t<\/div>\n\t\t<\/div>\n\t\t\t\t\t\t\t\t<\/div>\n\t\t\t\t\t<\/div>\n\t\t<\/section>\n\t\t\t\t<section class=\"has_eae_slider elementor-section elementor-top-section elementor-element elementor-element-e18637b elementor-section-boxed elementor-section-height-default elementor-section-height-default\" data-id=\"e18637b\" data-element_type=\"section\">\n\t\t\t\t\t\t<div class=\"elementor-container elementor-column-gap-default\">\n\t\t\t\t\t\t\t<div class=\"elementor-row\">\n\t\t\t\t\t<div class=\"has_eae_slider elementor-column elementor-col-100 elementor-top-column elementor-element elementor-element-e1b0bc9\" data-id=\"e1b0bc9\" data-element_type=\"column\">\n\t\t\t<div class=\"elementor-column-wrap elementor-element-populated\">\n\t\t\t\t\t\t\t<div class=\"elementor-widget-wrap\">\n\t\t\t\t\t\t<div class=\"elementor-element elementor-element-f54a7c6 elementor-widget elementor-widget-heading\" data-id=\"f54a7c6\" data-element_type=\"widget\" data-widget_type=\"heading.default\">\n\t\t\t\t<div class=\"elementor-widget-container\">\n\t\t\t<span class=\"elementor-heading-title elementor-size-default\">Polaganje vijenaca u Mostaru<\/span>\t\t<\/div>\n\t\t\t\t<\/div>\n\t\t\t\t\t\t<\/div>\n\t\t\t\t\t<\/div>\n\t\t<\/div>\n\t\t\t\t\t\t\t\t<\/div>\n\t\t\t\t\t<\/div>\n\t\t<\/section>\n\t\t\t\t<section class=\"has_eae_slider elementor-section elementor-top-section elementor-element elementor-element-317f58c elementor-section-boxed elementor-section-height-default elementor-section-height-default\" data-id=\"317f58c\" data-element_type=\"section\">\n\t\t\t\t\t\t<div class=\"elementor-container elementor-column-gap-default\">\n\t\t\t\t\t\t\t<div class=\"elementor-row\">\n\t\t\t\t\t<div class=\"has_eae_slider elementor-column elementor-col-100 elementor-top-column elementor-element elementor-element-3cc7eb7\" data-id=\"3cc7eb7\" data-element_type=\"column\">\n\t\t\t<div class=\"elementor-column-wrap elementor-element-populated\">\n\t\t\t\t\t\t\t<div class=\"elementor-widget-wrap\">\n\t\t\t\t\t\t<div class=\"elementor-element elementor-element-c3537b7 elementor-widget elementor-widget-image-gallery\" data-id=\"c3537b7\" data-element_type=\"widget\" data-widget_type=\"image-gallery.default\">\n\t\t\t\t<div class=\"elementor-widget-container\">\n\t\t\t\t\t<div class=\"elementor-image-gallery\">\n\t\t\t<div id='gallery-2' class='gallery galleryid-23380 gallery-columns-1 gallery-size-medium_large'><figure class='gallery-item'>\n\t\t\t<div class='gallery-icon landscape'>\n\t\t\t\t<a data-elementor-open-lightbox=\"yes\" data-elementor-lightbox-slideshow=\"c3537b7\" data-elementor-lightbox-title=\"Polaganje_vijenaca_Mostar_1\" href='http:\/\/fup.gov.ba\/wp-content\/uploads\/2020\/07\/Polaganje_vijenaca_Mostar_1.jpg'><img width=\"768\" height=\"512\" src=\"http:\/\/fup.gov.ba\/wp-content\/uploads\/2020\/07\/Polaganje_vijenaca_Mostar_1-768x512.jpg\" class=\"attachment-medium_large size-medium_large\" alt=\"\" loading=\"lazy\" srcset=\"http:\/\/fup.gov.ba\/wp-content\/uploads\/2020\/07\/Polaganje_vijenaca_Mostar_1-768x512.jpg 768w, http:\/\/fup.gov.ba\/wp-content\/uploads\/2020\/07\/Polaganje_vijenaca_Mostar_1-300x200.jpg 300w, http:\/\/fup.gov.ba\/wp-content\/uploads\/2020\/07\/Polaganje_vijenaca_Mostar_1-350x233.jpg 350w, http:\/\/fup.gov.ba\/wp-content\/uploads\/2020\/07\/Polaganje_vijenaca_Mostar_1.jpg 900w\" sizes=\"(max-width: 768px) 100vw, 768px\" \/><\/a>\n\t\t\t<\/div><\/figure><figure class='gallery-item'>\n\t\t\t<div class='gallery-icon landscape'>\n\t\t\t\t<a data-elementor-open-lightbox=\"yes\" data-elementor-lightbox-slideshow=\"c3537b7\" data-elementor-lightbox-title=\"Polaganje_vijenaca_Mostar_2\" href='http:\/\/fup.gov.ba\/wp-content\/uploads\/2020\/07\/Polaganje_vijenaca_Mostar_2.jpg'><img width=\"768\" height=\"512\" src=\"http:\/\/fup.gov.ba\/wp-content\/uploads\/2020\/07\/Polaganje_vijenaca_Mostar_2-768x512.jpg\" class=\"attachment-medium_large size-medium_large\" alt=\"\" loading=\"lazy\" srcset=\"http:\/\/fup.gov.ba\/wp-content\/uploads\/2020\/07\/Polaganje_vijenaca_Mostar_2-768x512.jpg 768w, http:\/\/fup.gov.ba\/wp-content\/uploads\/2020\/07\/Polaganje_vijenaca_Mostar_2-300x200.jpg 300w, http:\/\/fup.gov.ba\/wp-content\/uploads\/2020\/07\/Polaganje_vijenaca_Mostar_2-350x233.jpg 350w, http:\/\/fup.gov.ba\/wp-content\/uploads\/2020\/07\/Polaganje_vijenaca_Mostar_2.jpg 900w\" sizes=\"(max-width: 768px) 100vw, 768px\" \/><\/a>\n\t\t\t<\/div><\/figure><figure class='gallery-item'>\n\t\t\t<div class='gallery-icon landscape'>\n\t\t\t\t<a data-elementor-open-lightbox=\"yes\" data-elementor-lightbox-slideshow=\"c3537b7\" data-elementor-lightbox-title=\"Polaganje_vijenaca_Mostar_3\" href='http:\/\/fup.gov.ba\/wp-content\/uploads\/2020\/07\/Polaganje_vijenaca_Mostar_3.jpg'><img width=\"768\" height=\"512\" src=\"http:\/\/fup.gov.ba\/wp-content\/uploads\/2020\/07\/Polaganje_vijenaca_Mostar_3-768x512.jpg\" class=\"attachment-medium_large size-medium_large\" alt=\"\" loading=\"lazy\" srcset=\"http:\/\/fup.gov.ba\/wp-content\/uploads\/2020\/07\/Polaganje_vijenaca_Mostar_3-768x512.jpg 768w, http:\/\/fup.gov.ba\/wp-content\/uploads\/2020\/07\/Polaganje_vijenaca_Mostar_3-300x200.jpg 300w, http:\/\/fup.gov.ba\/wp-content\/uploads\/2020\/07\/Polaganje_vijenaca_Mostar_3-350x233.jpg 350w, http:\/\/fup.gov.ba\/wp-content\/uploads\/2020\/07\/Polaganje_vijenaca_Mostar_3.jpg 900w\" sizes=\"(max-width: 768px) 100vw, 768px\" \/><\/a>\n\t\t\t<\/div><\/figure><figure class='gallery-item'>\n\t\t\t<div class='gallery-icon landscape'>\n\t\t\t\t<a data-elementor-open-lightbox=\"yes\" data-elementor-lightbox-slideshow=\"c3537b7\" data-elementor-lightbox-title=\"Polaganje_vijenaca_Mostar_4\" href='http:\/\/fup.gov.ba\/wp-content\/uploads\/2020\/07\/Polaganje_vijenaca_Mostar_4.jpg'><img width=\"768\" height=\"768\" src=\"http:\/\/fup.gov.ba\/wp-content\/uploads\/2020\/07\/Polaganje_vijenaca_Mostar_4-768x768.jpg\" class=\"attachment-medium_large size-medium_large\" alt=\"\" loading=\"lazy\" srcset=\"http:\/\/fup.gov.ba\/wp-content\/uploads\/2020\/07\/Polaganje_vijenaca_Mostar_4-768x768.jpg 768w, http:\/\/fup.gov.ba\/wp-content\/uploads\/2020\/07\/Polaganje_vijenaca_Mostar_4-300x300.jpg 300w, http:\/\/fup.gov.ba\/wp-content\/uploads\/2020\/07\/Polaganje_vijenaca_Mostar_4-150x150.jpg 150w, http:\/\/fup.gov.ba\/wp-content\/uploads\/2020\/07\/Polaganje_vijenaca_Mostar_4-350x350.jpg 350w, http:\/\/fup.gov.ba\/wp-content\/uploads\/2020\/07\/Polaganje_vijenaca_Mostar_4.jpg 900w\" sizes=\"(max-width: 768px) 100vw, 768px\" \/><\/a>\n\t\t\t<\/div><\/figure><figure class='gallery-item'>\n\t\t\t<div class='gallery-icon landscape'>\n\t\t\t\t<a data-elementor-open-lightbox=\"yes\" data-elementor-lightbox-slideshow=\"c3537b7\" data-elementor-lightbox-title=\"Polaganje_vijenaca_Mostar_5\" href='http:\/\/fup.gov.ba\/wp-content\/uploads\/2020\/07\/Polaganje_vijenaca_Mostar_5.jpg'><img width=\"768\" height=\"512\" src=\"http:\/\/fup.gov.ba\/wp-content\/uploads\/2020\/07\/Polaganje_vijenaca_Mostar_5-768x512.jpg\" class=\"attachment-medium_large size-medium_large\" alt=\"\" loading=\"lazy\" srcset=\"http:\/\/fup.gov.ba\/wp-content\/uploads\/2020\/07\/Polaganje_vijenaca_Mostar_5-768x512.jpg 768w, http:\/\/fup.gov.ba\/wp-content\/uploads\/2020\/07\/Polaganje_vijenaca_Mostar_5-300x200.jpg 300w, http:\/\/fup.gov.ba\/wp-content\/uploads\/2020\/07\/Polaganje_vijenaca_Mostar_5-350x233.jpg 350w, http:\/\/fup.gov.ba\/wp-content\/uploads\/2020\/07\/Polaganje_vijenaca_Mostar_5.jpg 900w\" sizes=\"(max-width: 768px) 100vw, 768px\" \/><\/a>\n\t\t\t<\/div><\/figure><figure class='gallery-item'>\n\t\t\t<div class='gallery-icon landscape'>\n\t\t\t\t<a data-elementor-open-lightbox=\"yes\" data-elementor-lightbox-slideshow=\"c3537b7\" data-elementor-lightbox-title=\"Polaganje_vijenaca_Mostar_6\" href='http:\/\/fup.gov.ba\/wp-content\/uploads\/2020\/07\/Polaganje_vijenaca_Mostar_6.jpg'><img width=\"768\" height=\"512\" src=\"http:\/\/fup.gov.ba\/wp-content\/uploads\/2020\/07\/Polaganje_vijenaca_Mostar_6-768x512.jpg\" class=\"attachment-medium_large size-medium_large\" alt=\"\" loading=\"lazy\" srcset=\"http:\/\/fup.gov.ba\/wp-content\/uploads\/2020\/07\/Polaganje_vijenaca_Mostar_6-768x512.jpg 768w, http:\/\/fup.gov.ba\/wp-content\/uploads\/2020\/07\/Polaganje_vijenaca_Mostar_6-300x200.jpg 300w, http:\/\/fup.gov.ba\/wp-content\/uploads\/2020\/07\/Polaganje_vijenaca_Mostar_6-350x233.jpg 350w, http:\/\/fup.gov.ba\/wp-content\/uploads\/2020\/07\/Polaganje_vijenaca_Mostar_6.jpg 900w\" sizes=\"(max-width: 768px) 100vw, 768px\" \/><\/a>\n\t\t\t<\/div><\/figure>\n\t\t<\/div>\n\t\t<\/div>\n\t\t\t\t<\/div>\n\t\t\t\t<\/div>\n\t\t\t\t\t\t<\/div>\n\t\t\t\t\t<\/div>\n\t\t<\/div>\n\t\t\t\t\t\t\t\t<\/div>\n\t\t\t\t\t<\/div>\n\t\t<\/section>\n\t\t\t\t<section class=\"has_eae_slider elementor-section elementor-top-section elementor-element elementor-element-189ef51 elementor-section-boxed elementor-section-height-default elementor-section-height-default\" data-id=\"189ef51\" data-element_type=\"section\">\n\t\t\t\t\t\t<div class=\"elementor-container elementor-column-gap-default\">\n\t\t\t\t\t\t\t<div class=\"elementor-row\">\n\t\t\t\t\t<div class=\"has_eae_slider elementor-column elementor-col-100 elementor-top-column elementor-element elementor-element-c90ccd2\" data-id=\"c90ccd2\" data-element_type=\"column\">\n\t\t\t<div class=\"elementor-column-wrap elementor-element-populated\">\n\t\t\t\t\t\t\t<div class=\"elementor-widget-wrap\">\n\t\t\t\t\t\t<div class=\"elementor-element elementor-element-aabc3b5 elementor-widget elementor-widget-text-editor\" data-id=\"aabc3b5\" data-element_type=\"widget\" data-widget_type=\"text-editor.default\">\n\t\t\t\t<div class=\"elementor-widget-container\">\n\t\t\t\t\t\t\t\t<div class=\"elementor-text-editor elementor-clearfix\">\n\t\t\t\t<p>Podsje\u0107amo, povodom obilje\u017eavanja 22. godi\u0161njice atentata na zamjenika ministra Federalnog ministarstva unutra\u0161njih poslova Joze Leutara, delegacija Federalne uprave policije je dana 16.03.2021. godine, polo\u017eila vijenac na spomen-obilje\u017eju u Alipa\u0161inoj ulici u sarajevskom naselju Ciglane.<\/p>\t\t\t\t\t<\/div>\n\t\t\t\t\t\t<\/div>\n\t\t\t\t<\/div>\n\t\t\t\t\t\t<\/div>\n\t\t\t\t\t<\/div>\n\t\t<\/div>\n\t\t\t\t\t\t\t\t<\/div>\n\t\t\t\t\t<\/div>\n\t\t<\/section>\n\t\t\t\t\t\t<\/div>\n\t\t\t\t\t\t<\/div>\n\t\t\t\t\t<\/div>\n\t\t","protected":false},"excerpt":{"rendered":"<p>Delegacija Federalne uprave policije je danas, 28.03.2021. godine polo\u017eiti vjence u zgradi Federalnog ministarstva unutra\u0161njih poslova \/ Federalne uprave policije, kao i na mjestu ukopa u Mostaru pok. zamjenika ministra Federalnog ministarstva unutra\u0161njih poslova, Joze Leutara.<\/p>\n","protected":false},"author":5,"featured_media":23386,"comment_status":"closed","ping_status":"open","sticky":false,"template":"","format":"standard","meta":{"spay_email":""},"categories":[81,6],"tags":[],"jetpack_featured_media_url":"http:\/\/fup.gov.ba\/wp-content\/uploads\/2020\/07\/Polaganje-vijenca-Sarajevo-3.jpg","_links":{"self":[{"href":"http:\/\/fup.gov.ba\/index.php?rest_route=\/wp\/v2\/posts\/23380"}],"collection":[{"href":"http:\/\/fup.gov.ba\/index.php?rest_route=\/wp\/v2\/posts"}],"about":[{"href":"http:\/\/fup.gov.ba\/index.php?rest_route=\/wp\/v2\/types\/post"}],"author":[{"embeddable":true,"href":"http:\/\/fup.gov.ba\/index.php?rest_route=\/wp\/v2\/users\/5"}],"replies":[{"embeddable":true,"href":"http:\/\/fup.gov.ba\/index.php?rest_route=%2Fwp%2Fv2%2Fcomments&post=23380"}],"version-history":[{"count":20,"href":"http:\/\/fup.gov.ba\/index.php?rest_route=\/wp\/v2\/posts\/23380\/revisions"}],"predecessor-version":[{"id":27820,"href":"http:\/\/fup.gov.ba\/index.php?rest_route=\/wp\/v2\/posts\/23380\/revisions\/27820"}],"wp:featuredmedia":[{"embeddable":true,"href":"http:\/\/fup.gov.ba\/index.php?rest_route=\/wp\/v2\/media\/23386"}],"wp:attachment":[{"href":"http:\/\/fup.gov.ba\/index.php?rest_route=%2Fwp%2Fv2%2Fmedia&parent=23380"}],"wp:term":[{"taxonomy":"category","embeddable":true,"href":"http:\/\/fup.gov.ba\/index.php?rest_route=%2Fwp%2Fv2%2Fcategories&post=23380"},{"taxonomy":"post_tag","embeddable":true,"href":"http:\/\/fup.gov.ba\/index.php?rest_route=%2Fwp%2Fv2%2Ftags&post=23380"}],"curies":[{"name":"wp","href":"https:\/\/api.w.org\/{rel}","templated":true}]}}