{"id":23414,"date":"2021-03-29T13:17:17","date_gmt":"2021-03-29T12:17:17","guid":{"rendered":"http:\/\/fup.gov.ba\/?p=23414"},"modified":"2021-03-30T13:30:42","modified_gmt":"2021-03-30T12:30:42","slug":"lisena-slobode-dva-lica-iz-novog-travnika-zbog-kd-ucjena-i-kd-neovlasteno-opticko-snimanje","status":"publish","type":"post","link":"http:\/\/fup.gov.ba\/?p=23414","title":{"rendered":"Li\u0161ena slobode dva lica iz Novog Travnika zbog KD &#8220;Ucjena&#8221; i KD &#8220;Neovla\u0161teno opti\u010dko snimanje&#8221;"},"content":{"rendered":"<p style=\"text-align: justify;\">Policijski slu\u017ebenici Federalne uprave policije su dana 29.03.2021. godine poduzimaju\u0107i mjere i radnje iz svoje nadle\u017enosti, pod nadzorom Kantonalnog tu\u017eila\u0161tva Hercegova\u010dko-neretvanskog kantona, li\u0161ili slobode dva lica iz Novog Travnika inicijala A.R. (1993.) i A.D. (1994.), koja se sumnji\u010de za izvr\u0161enje krivi\u010dnih djela \u201eUcjena\u201c iz \u010dlana 296. i \u201eNeovla\u0161teno opti\u010dko snimanje\u201c iz \u010dlana 189. Krivi\u010dnog zakona Federacije Bosne i Hercegovine.<\/p>\n<p style=\"text-align: justify;\">U sklopu navedenih aktivnosti, a po Naredbi Op\u0107inskog suda u Mostaru izvr\u0161eni su pretresi objekata koje koriste osumnji\u010deni na dvije lokacije na podru\u010dju Srednjobosanskog kantona, kojom prilikom su prona\u0111eni i oduzeti predmeti koji su kori\u0161teni prilikom izvr\u0161enja predmetnih krivi\u010dnih djela, a koji \u0107e biti kori\u0161teni kao dokazi u krivi\u010dnom postupku.<\/p>\n<p style=\"text-align: justify;\">Naime, lica A.R. i A.D. se sumnji\u010de da su u mjesecu novembru 2020. godine pribavili neovla\u0161teno sa\u010dinjene snimke jedne osobe prilikom odre\u0111enog doga\u0111aja privatnog karaktera koji se desio u Mostaru, a potom od mjeseca decembra 2020. do januara 2021. godine, o\u0161te\u0107eno lice ucijenjivali da \u0107e javno objaviti sporne snimke, ukoliko im ne isplati nov\u010dani iznos od 100.000,00 KM.<\/p>\n<p style=\"text-align: justify;\">Lica li\u0161ena slobode su kriminalisti\u010dki obra\u0111ena u slu\u017ebenim prostorijama Federalne uprave policije u Mostaru, te su u zakonskom roku predata na dalju nadle\u017enost Kantonalnom tu\u017eila\u0161tvu Hercegova\u010dko-neretvanskog kantona.<\/p>\n","protected":false},"excerpt":{"rendered":"<p>Lica se sumnji\u010de da su u mjesecu novembru 2020. godine pribavili neovla\u0161teno sa\u010dinjene snimke jedne osobe prilikom odre\u0111enog doga\u0111aja privatnog karaktera koji se desio u Mostaru, a potom od mjeseca decembra 2020. do januara 2021. godine, o\u0161te\u0107eno lice ucijenjivali da \u0107e javno objaviti sporne snimke, ukoliko im ne isplati nov\u010dani iznos od 100.000,00 KM.<\/p>\n","protected":false},"author":5,"featured_media":23415,"comment_status":"closed","ping_status":"open","sticky":false,"template":"","format":"standard","meta":{"spay_email":""},"categories":[81,6],"tags":[],"jetpack_featured_media_url":"http:\/\/fup.gov.ba\/wp-content\/uploads\/2021\/03\/Ucjena.jpg","_links":{"self":[{"href":"http:\/\/fup.gov.ba\/index.php?rest_route=\/wp\/v2\/posts\/23414"}],"collection":[{"href":"http:\/\/fup.gov.ba\/index.php?rest_route=\/wp\/v2\/posts"}],"about":[{"href":"http:\/\/fup.gov.ba\/index.php?rest_route=\/wp\/v2\/types\/post"}],"author":[{"embeddable":true,"href":"http:\/\/fup.gov.ba\/index.php?rest_route=\/wp\/v2\/users\/5"}],"replies":[{"embeddable":true,"href":"http:\/\/fup.gov.ba\/index.php?rest_route=%2Fwp%2Fv2%2Fcomments&post=23414"}],"version-history":[{"count":2,"href":"http:\/\/fup.gov.ba\/index.php?rest_route=\/wp\/v2\/posts\/23414\/revisions"}],"predecessor-version":[{"id":23417,"href":"http:\/\/fup.gov.ba\/index.php?rest_route=\/wp\/v2\/posts\/23414\/revisions\/23417"}],"wp:featuredmedia":[{"embeddable":true,"href":"http:\/\/fup.gov.ba\/index.php?rest_route=\/wp\/v2\/media\/23415"}],"wp:attachment":[{"href":"http:\/\/fup.gov.ba\/index.php?rest_route=%2Fwp%2Fv2%2Fmedia&parent=23414"}],"wp:term":[{"taxonomy":"category","embeddable":true,"href":"http:\/\/fup.gov.ba\/index.php?rest_route=%2Fwp%2Fv2%2Fcategories&post=23414"},{"taxonomy":"post_tag","embeddable":true,"href":"http:\/\/fup.gov.ba\/index.php?rest_route=%2Fwp%2Fv2%2Ftags&post=23414"}],"curies":[{"name":"wp","href":"https:\/\/api.w.org\/{rel}","templated":true}]}}