{"id":23419,"date":"2021-03-31T07:04:09","date_gmt":"2021-03-31T06:04:09","guid":{"rendered":"http:\/\/fup.gov.ba\/?p=23419"},"modified":"2021-03-31T07:05:57","modified_gmt":"2021-03-31T06:05:57","slug":"bilten-za-dan-30-31-03-2021-godine","status":"publish","type":"post","link":"http:\/\/fup.gov.ba\/?p=23419","title":{"rendered":"Bilten za dan 30\/31.03.2021. godine"},"content":{"rendered":"<p>Na osnovu izvje\u0161taja operativnih centara kantonalnih ministarstava unutarnjih poslova i Federalne uprave policije, tokom navedenog perioda na podru\u010dju Federacije BiH\u00a0registrovano je: <!--more--><\/p>\n<p><strong>31 krivi\u010dno djelo<\/strong> i to:<\/p>\n<ul>\n<li>jedno razbojni\u0161tvo;<\/li>\n<li>jedno izazivanje op\u0107e opasnosti;<\/li>\n<li>jedno nasilje u porodici;<\/li>\n<li>jedno posjedovanje opojnih droga;<\/li>\n<li>dva o\u0161te\u0107enja tu\u0111e stvari;<\/li>\n<li>jedna prevara;<\/li>\n<li>sedam te\u0161kih kra\u0111a;<\/li>\n<li>\u0161est kra\u0111a;<\/li>\n<li>11 ostalih krivi\u010dnih djela;<\/li>\n<\/ul>\n<p><strong>109 naru\u0161avanja javnog reda i mira<\/strong>, u kojima je jedno lice zadobilo lak\u0161e tjelesne povrede.<\/p>\n<p><strong>31 saobra\u0107ajna nezgoda<\/strong>, u kojima je jedno lice zadobilo te\u0161ke, a 10 lica lak\u0161e tjelesne povrede.<\/p>\n<p><strong>22 lica su li\u0161ena slobode, a 20 lica je zadr\u017eano.<\/strong><\/p>\n","protected":false},"excerpt":{"rendered":"<p>Na osnovu izvje\u0161taja operativnih centara kantonalnih ministarstava unutarnjih poslova i Federalne uprave policije, tokom navedenog perioda na podru\u010dju Federacije BiH\u00a0registrovano je:<\/p>\n","protected":false},"author":5,"featured_media":0,"comment_status":"closed","ping_status":"open","sticky":false,"template":"","format":"standard","meta":{"spay_email":""},"categories":[81,5],"tags":[],"jetpack_featured_media_url":"","_links":{"self":[{"href":"http:\/\/fup.gov.ba\/index.php?rest_route=\/wp\/v2\/posts\/23419"}],"collection":[{"href":"http:\/\/fup.gov.ba\/index.php?rest_route=\/wp\/v2\/posts"}],"about":[{"href":"http:\/\/fup.gov.ba\/index.php?rest_route=\/wp\/v2\/types\/post"}],"author":[{"embeddable":true,"href":"http:\/\/fup.gov.ba\/index.php?rest_route=\/wp\/v2\/users\/5"}],"replies":[{"embeddable":true,"href":"http:\/\/fup.gov.ba\/index.php?rest_route=%2Fwp%2Fv2%2Fcomments&post=23419"}],"version-history":[{"count":1,"href":"http:\/\/fup.gov.ba\/index.php?rest_route=\/wp\/v2\/posts\/23419\/revisions"}],"predecessor-version":[{"id":23420,"href":"http:\/\/fup.gov.ba\/index.php?rest_route=\/wp\/v2\/posts\/23419\/revisions\/23420"}],"wp:attachment":[{"href":"http:\/\/fup.gov.ba\/index.php?rest_route=%2Fwp%2Fv2%2Fmedia&parent=23419"}],"wp:term":[{"taxonomy":"category","embeddable":true,"href":"http:\/\/fup.gov.ba\/index.php?rest_route=%2Fwp%2Fv2%2Fcategories&post=23419"},{"taxonomy":"post_tag","embeddable":true,"href":"http:\/\/fup.gov.ba\/index.php?rest_route=%2Fwp%2Fv2%2Ftags&post=23419"}],"curies":[{"name":"wp","href":"https:\/\/api.w.org\/{rel}","templated":true}]}}