{"id":23422,"date":"2021-04-01T07:59:04","date_gmt":"2021-04-01T06:59:04","guid":{"rendered":"http:\/\/fup.gov.ba\/?p=23422"},"modified":"2021-04-01T07:59:15","modified_gmt":"2021-04-01T06:59:15","slug":"bilten-za-dan-31-03-01-04-2021-godine","status":"publish","type":"post","link":"http:\/\/fup.gov.ba\/?p=23422","title":{"rendered":"Bilten za dan  31.03.\/01.04.2021. godine"},"content":{"rendered":"<p>Na osnovu izvje\u0161taja operativnih centara kantonalnih ministarstava unutarnjih poslova i Federalne uprave policije, tokom navedenog perioda na podru\u010dju Federacije BiH\u00a0registrovano je:<!--more--><\/p>\n<p><strong>37 krivi\u010dno djelo<\/strong> i to:<\/p>\n<ul>\n<li>jedno izazivanje op\u0107e opasnosti;<\/li>\n<li>\u0161est nasilja u porodici;<\/li>\n<li>dva posjedovanja opojnih droga;<\/li>\n<li>jedno o\u0161te\u0107enje tu\u0111e stvari;<\/li>\n<li>jedno ugro\u017eavane sigurnost;<\/li>\n<li>\u0161est te\u0161kih kra\u0111a (1 motorno vozilo);<\/li>\n<li>dvije kra\u0111e;<\/li>\n<li>16 ostalih krivi\u010dnih djela;<\/li>\n<\/ul>\n<p><strong>109 naru\u0161avanja javnog reda i mira<\/strong>, u kojima je jedno lice zadobilo lak\u0161e tjelesne povrede.<\/p>\n<p><strong>31 saobra\u0107ajna nezgoda<\/strong>, u kojima je jedno lice zadobilo te\u0161ke, a 10 lica lak\u0161e tjelesne povrede.<\/p>\n<p><strong>19 lica su li\u0161ena slobode, a 19 lica je zadr\u017eano.<\/strong><\/p>\n","protected":false},"excerpt":{"rendered":"<p>Na osnovu izvje\u0161taja operativnih centara kantonalnih ministarstava unutarnjih poslova i Federalne uprave policije, tokom navedenog perioda na podru\u010dju Federacije BiH\u00a0registrovano je:<\/p>\n","protected":false},"author":5,"featured_media":0,"comment_status":"closed","ping_status":"open","sticky":false,"template":"","format":"standard","meta":{"spay_email":""},"categories":[81,5],"tags":[],"jetpack_featured_media_url":"","_links":{"self":[{"href":"http:\/\/fup.gov.ba\/index.php?rest_route=\/wp\/v2\/posts\/23422"}],"collection":[{"href":"http:\/\/fup.gov.ba\/index.php?rest_route=\/wp\/v2\/posts"}],"about":[{"href":"http:\/\/fup.gov.ba\/index.php?rest_route=\/wp\/v2\/types\/post"}],"author":[{"embeddable":true,"href":"http:\/\/fup.gov.ba\/index.php?rest_route=\/wp\/v2\/users\/5"}],"replies":[{"embeddable":true,"href":"http:\/\/fup.gov.ba\/index.php?rest_route=%2Fwp%2Fv2%2Fcomments&post=23422"}],"version-history":[{"count":2,"href":"http:\/\/fup.gov.ba\/index.php?rest_route=\/wp\/v2\/posts\/23422\/revisions"}],"predecessor-version":[{"id":23424,"href":"http:\/\/fup.gov.ba\/index.php?rest_route=\/wp\/v2\/posts\/23422\/revisions\/23424"}],"wp:attachment":[{"href":"http:\/\/fup.gov.ba\/index.php?rest_route=%2Fwp%2Fv2%2Fmedia&parent=23422"}],"wp:term":[{"taxonomy":"category","embeddable":true,"href":"http:\/\/fup.gov.ba\/index.php?rest_route=%2Fwp%2Fv2%2Fcategories&post=23422"},{"taxonomy":"post_tag","embeddable":true,"href":"http:\/\/fup.gov.ba\/index.php?rest_route=%2Fwp%2Fv2%2Ftags&post=23422"}],"curies":[{"name":"wp","href":"https:\/\/api.w.org\/{rel}","templated":true}]}}