{"id":23467,"date":"2021-04-12T10:46:44","date_gmt":"2021-04-12T09:46:44","guid":{"rendered":"http:\/\/fup.gov.ba\/?p=23467"},"modified":"2021-04-13T10:50:27","modified_gmt":"2021-04-13T09:50:27","slug":"liseno-slobode-jedno-lice-zbog-kd-neovlastena-proizvodnja-i-stavljanje-u-promet-opojnih-droga-i-nedozvoljeno-drzanje-oruzja-ili-eksplozivnih-materija","status":"publish","type":"post","link":"http:\/\/fup.gov.ba\/?p=23467","title":{"rendered":"Li\u0161eno slobode jedno lice zbog KD \u201eNeovla\u0161tena proizvodnja i stavljanje u promet opojnih droga\u201c i \u201eNedozvoljeno dr\u017eanje oru\u017eja ili eksplozivnih materija\u201c"},"content":{"rendered":"\t\t<div data-elementor-type=\"wp-post\" data-elementor-id=\"23467\" class=\"elementor elementor-23467\" data-elementor-settings=\"[]\">\n\t\t\t\t\t\t<div class=\"elementor-inner\">\n\t\t\t\t\t\t\t<div class=\"elementor-section-wrap\">\n\t\t\t\t\t\t\t<section class=\"has_eae_slider elementor-section elementor-top-section elementor-element elementor-element-9b1c8ac elementor-section-boxed elementor-section-height-default elementor-section-height-default\" data-id=\"9b1c8ac\" data-element_type=\"section\">\n\t\t\t\t\t\t<div class=\"elementor-container elementor-column-gap-default\">\n\t\t\t\t\t\t\t<div class=\"elementor-row\">\n\t\t\t\t\t<div class=\"has_eae_slider elementor-column elementor-col-100 elementor-top-column elementor-element elementor-element-d3e0bfa\" data-id=\"d3e0bfa\" data-element_type=\"column\">\n\t\t\t<div class=\"elementor-column-wrap elementor-element-populated\">\n\t\t\t\t\t\t\t<div class=\"elementor-widget-wrap\">\n\t\t\t\t\t\t<div class=\"elementor-element elementor-element-fe4dcb6 elementor-widget elementor-widget-text-editor\" data-id=\"fe4dcb6\" data-element_type=\"widget\" data-widget_type=\"text-editor.default\">\n\t\t\t\t<div class=\"elementor-widget-container\">\n\t\t\t\t\t\t\t\t<div class=\"elementor-text-editor elementor-clearfix\">\n\t\t\t\t<p>Policijski slu\u017ebenici Federalne uprave policije su dana 12.04.2021. godine poduzimaju\u0107i mjere i radnje iz svoje nadle\u017enosti na realizaciji operativne akcije &#8220;Cobra&#8221;, pod nadzorom Kantonalnog tu\u017eila\u0161tva Zeni\u010dko-dobojskog kantona, li\u0161ili slobode jedno lice iz Zenice inicijala I.H. (1991.), a koje se sumnji\u010di za krivi\u010dna djela \u201eNeovla\u0161tena proizvodnja i stavljanje u promet opojnih droga\u201c iz \u010dlana 238. stav 1. i \u201eNedozvoljeno dr\u017eanje oru\u017eja ili eksplozivnih materija\u201c iz \u010dlana 371. Krivi\u010dnog zakona Federacije Bosne i Hercegovine.<\/p><p>Naime, lice I.H. se sumnji\u010di da je u prethodnom periodu od njemu poznatih osoba ili vi\u0161e njih na ilegalnom tr\u017ei\u0161tu Zeni\u010dko-dobojskog kantona, vr\u0161io nabavljanje, preno\u0161enje, razvagivanje i pakovanje opojnih droga \u201eAmfetamin\u201c i \u201eCannabis\u201c u paketi\u0107e pogodne za uli\u010dnu prodaju, te potom iste prodavao konzumentima uz prethodno ostvarenu li\u010dnu ili telefonsku komunikaciju kojom bi se preciziralo vrijeme i mjesto primopredaje droge i novca.<\/p><p>U sklopu navedenih aktivnosti, a postupaju\u0107i po Naredbi Op\u0107inskog suda u Zenici izvr\u0161eni su pretresi objekata koje koristi osumnji\u010deni, kojom prilikom je prona\u0111ena i oduzeta odre\u0111ena koli\u010dina NN materije koja svojim izgledom asociraju na opojne droge \u201eAmfetamin\u201c i \u201eCannabis\u201c kao i digitalna vaga za precizno vaganje, te aparat za varenje pvc kesa \u201eSenecor\u201c sa tragovima NN materije i metalna drobilica sa ostacima koji svojim izgledom asociraju na opojnu drogu &#8220;Cannabis&#8221;, kao i ve\u0107a koli\u010dina novca u raznim apoenima u ukupnom iznosu od 550 BAM za koje izra\u017eavamo osnovanu sumnju da poti\u010du od kupoprodaje opojnih droga. Tako\u0111er, prilikom pretresa prona\u0111eno je vatreno oru\u017eje i municija, te drugi predmeti koji \u0107e biti kori\u0161teni kao dokaz u krivi\u010dnom postupku.<\/p><p>Lice li\u0161eno slobode je kriminalisti\u010dki obra\u0111eno u slu\u017ebenim prostorijama Federalne uprave policije, te je u zakonskom roku predato uz Izvje\u0161taj o po\u010dinjenom krvi\u010dnom djelu na dalju nadle\u017enost Kantonalnom tu\u017eila\u0161tvu Zeni\u010dko-dobojskog kantona.<\/p>\t\t\t\t\t<\/div>\n\t\t\t\t\t\t<\/div>\n\t\t\t\t<\/div>\n\t\t\t\t\t\t<\/div>\n\t\t\t\t\t<\/div>\n\t\t<\/div>\n\t\t\t\t\t\t\t\t<\/div>\n\t\t\t\t\t<\/div>\n\t\t<\/section>\n\t\t\t\t<section class=\"has_eae_slider elementor-section elementor-top-section elementor-element elementor-element-7cd4777 elementor-section-boxed elementor-section-height-default elementor-section-height-default\" data-id=\"7cd4777\" data-element_type=\"section\">\n\t\t\t\t\t\t<div class=\"elementor-container elementor-column-gap-default\">\n\t\t\t\t\t\t\t<div class=\"elementor-row\">\n\t\t\t\t\t<div class=\"has_eae_slider elementor-column elementor-col-100 elementor-top-column elementor-element elementor-element-2e62596\" data-id=\"2e62596\" data-element_type=\"column\">\n\t\t\t<div class=\"elementor-column-wrap elementor-element-populated\">\n\t\t\t\t\t\t\t<div class=\"elementor-widget-wrap\">\n\t\t\t\t\t\t<div class=\"elementor-element elementor-element-b3c1d96 elementor-widget elementor-widget-image-gallery\" data-id=\"b3c1d96\" data-element_type=\"widget\" data-widget_type=\"image-gallery.default\">\n\t\t\t\t<div class=\"elementor-widget-container\">\n\t\t\t\t\t<div class=\"elementor-image-gallery\">\n\t\t\t<div id='gallery-1' class='gallery galleryid-23467 gallery-columns-1 gallery-size-large'><figure class='gallery-item'>\n\t\t\t<div class='gallery-icon landscape'>\n\t\t\t\t<a data-elementor-open-lightbox=\"yes\" data-elementor-lightbox-slideshow=\"b3c1d96\" data-elementor-lightbox-title=\"cobra_1\" href='http:\/\/fup.gov.ba\/wp-content\/uploads\/2020\/07\/cobra_1-rotated.jpg'><img width=\"900\" height=\"601\" src=\"http:\/\/fup.gov.ba\/wp-content\/uploads\/2020\/07\/cobra_1-rotated.jpg\" class=\"attachment-large size-large\" alt=\"\" loading=\"lazy\" srcset=\"http:\/\/fup.gov.ba\/wp-content\/uploads\/2020\/07\/cobra_1-rotated.jpg 900w, http:\/\/fup.gov.ba\/wp-content\/uploads\/2020\/07\/cobra_1-300x200.jpg 300w, http:\/\/fup.gov.ba\/wp-content\/uploads\/2020\/07\/cobra_1-768x513.jpg 768w, http:\/\/fup.gov.ba\/wp-content\/uploads\/2020\/07\/cobra_1-350x234.jpg 350w\" sizes=\"(max-width: 900px) 100vw, 900px\" \/><\/a>\n\t\t\t<\/div><\/figure><figure class='gallery-item'>\n\t\t\t<div class='gallery-icon portrait'>\n\t\t\t\t<a data-elementor-open-lightbox=\"yes\" data-elementor-lightbox-slideshow=\"b3c1d96\" data-elementor-lightbox-title=\"cobra_2\" href='http:\/\/fup.gov.ba\/wp-content\/uploads\/2020\/07\/cobra_2.jpg'><img width=\"600\" height=\"900\" src=\"http:\/\/fup.gov.ba\/wp-content\/uploads\/2020\/07\/cobra_2.jpg\" class=\"attachment-large size-large\" alt=\"\" loading=\"lazy\" srcset=\"http:\/\/fup.gov.ba\/wp-content\/uploads\/2020\/07\/cobra_2.jpg 600w, http:\/\/fup.gov.ba\/wp-content\/uploads\/2020\/07\/cobra_2-200x300.jpg 200w, http:\/\/fup.gov.ba\/wp-content\/uploads\/2020\/07\/cobra_2-350x525.jpg 350w\" sizes=\"(max-width: 600px) 100vw, 600px\" \/><\/a>\n\t\t\t<\/div><\/figure>\n\t\t<\/div>\n\t\t<\/div>\n\t\t\t\t<\/div>\n\t\t\t\t<\/div>\n\t\t\t\t\t\t<\/div>\n\t\t\t\t\t<\/div>\n\t\t<\/div>\n\t\t\t\t\t\t\t\t<\/div>\n\t\t\t\t\t<\/div>\n\t\t<\/section>\n\t\t\t\t\t\t<\/div>\n\t\t\t\t\t\t<\/div>\n\t\t\t\t\t<\/div>\n\t\t","protected":false},"excerpt":{"rendered":"<p>Policijski slu\u017ebenici Federalne uprave policije su dana 12.04.2021. godine poduzimaju\u0107i mjere i radnje iz svoje nadle\u017enosti na realizaciji operativne akcije &#8220;Cobra&#8221;, pod nadzorom Kantonalnog  tu\u017eila\u0161tva Zeni\u010dko-dobojskog kantona, li\u0161ili slobode jedno lice iz Zenice&#8230;<\/p>\n","protected":false},"author":5,"featured_media":23472,"comment_status":"closed","ping_status":"open","sticky":false,"template":"","format":"standard","meta":{"spay_email":""},"categories":[81,6],"tags":[],"jetpack_featured_media_url":"http:\/\/fup.gov.ba\/wp-content\/uploads\/2020\/07\/cobra_1-rotated.jpg","_links":{"self":[{"href":"http:\/\/fup.gov.ba\/index.php?rest_route=\/wp\/v2\/posts\/23467"}],"collection":[{"href":"http:\/\/fup.gov.ba\/index.php?rest_route=\/wp\/v2\/posts"}],"about":[{"href":"http:\/\/fup.gov.ba\/index.php?rest_route=\/wp\/v2\/types\/post"}],"author":[{"embeddable":true,"href":"http:\/\/fup.gov.ba\/index.php?rest_route=\/wp\/v2\/users\/5"}],"replies":[{"embeddable":true,"href":"http:\/\/fup.gov.ba\/index.php?rest_route=%2Fwp%2Fv2%2Fcomments&post=23467"}],"version-history":[{"count":17,"href":"http:\/\/fup.gov.ba\/index.php?rest_route=\/wp\/v2\/posts\/23467\/revisions"}],"predecessor-version":[{"id":23486,"href":"http:\/\/fup.gov.ba\/index.php?rest_route=\/wp\/v2\/posts\/23467\/revisions\/23486"}],"wp:featuredmedia":[{"embeddable":true,"href":"http:\/\/fup.gov.ba\/index.php?rest_route=\/wp\/v2\/media\/23472"}],"wp:attachment":[{"href":"http:\/\/fup.gov.ba\/index.php?rest_route=%2Fwp%2Fv2%2Fmedia&parent=23467"}],"wp:term":[{"taxonomy":"category","embeddable":true,"href":"http:\/\/fup.gov.ba\/index.php?rest_route=%2Fwp%2Fv2%2Fcategories&post=23467"},{"taxonomy":"post_tag","embeddable":true,"href":"http:\/\/fup.gov.ba\/index.php?rest_route=%2Fwp%2Fv2%2Ftags&post=23467"}],"curies":[{"name":"wp","href":"https:\/\/api.w.org\/{rel}","templated":true}]}}