{"id":23491,"date":"2021-04-12T11:03:01","date_gmt":"2021-04-12T10:03:01","guid":{"rendered":"http:\/\/fup.gov.ba\/?p=23491"},"modified":"2021-04-13T11:04:54","modified_gmt":"2021-04-13T10:04:54","slug":"bilten-za-dan-09-10-04-2021-godine","status":"publish","type":"post","link":"http:\/\/fup.gov.ba\/?p=23491","title":{"rendered":"Bilten za dan 09\/10.04.2021. godine"},"content":{"rendered":"<p style=\"text-align: justify;\">Na osnovu izvje\u0161taja operativnih centara kantonalnih ministarstava unutarnjih poslova i Federalne uprave policije, tokom navedenog perioda na podru\u010dju Federacije BiH\u00a0registrovano je:<!--more--><\/p>\n<p style=\"text-align: justify;\"><strong>36 krivi\u010dnih djela<\/strong> i to:<\/p>\n<ul style=\"text-align: justify;\">\n<li>tri razbojni\u0161tva;<\/li>\n<li>dvije prevare;<\/li>\n<li>\u010detiri nasilja u porodici;<\/li>\n<li>\u010detiri o\u0161te\u0107enja tu\u0111e stvari;<\/li>\n<li>dva posjedovanja opojnih droga;<\/li>\n<li>tri te\u0161ke kra\u0111e;<\/li>\n<li>pet kra\u0111a;<\/li>\n<li>13 ostalih krivi\u010dnih djela;<\/li>\n<\/ul>\n<p style=\"text-align: justify;\"><strong>170<\/strong> <strong>naru\u0161avanja javnog reda i mira<\/strong>, u kojima je jedno lice zadobilo lak\u0161e tjelesne povrede.<\/p>\n<p style=\"text-align: justify;\"><strong>45 saobra\u0107ajnih nezgoda<\/strong>, u kojima je jedno lice smrtno stradalo, dva lica zadobila te\u0161ke, a 14 lica lak\u0161e tjelesne povrede.<\/p>\n<p style=\"text-align: justify;\"><strong>15 lica je li\u0161eno slobode, a 13 lica je zadr\u017eano.<\/strong><\/p>\n","protected":false},"excerpt":{"rendered":"<p>Na osnovu izvje\u0161taja operativnih centara kantonalnih ministarstava unutarnjih poslova i Federalne uprave policije, tokom navedenog perioda na podru\u010dju Federacije BiH\u00a0registrovano je:<\/p>\n","protected":false},"author":5,"featured_media":0,"comment_status":"closed","ping_status":"open","sticky":false,"template":"","format":"standard","meta":{"spay_email":""},"categories":[81,5],"tags":[],"jetpack_featured_media_url":"","_links":{"self":[{"href":"http:\/\/fup.gov.ba\/index.php?rest_route=\/wp\/v2\/posts\/23491"}],"collection":[{"href":"http:\/\/fup.gov.ba\/index.php?rest_route=\/wp\/v2\/posts"}],"about":[{"href":"http:\/\/fup.gov.ba\/index.php?rest_route=\/wp\/v2\/types\/post"}],"author":[{"embeddable":true,"href":"http:\/\/fup.gov.ba\/index.php?rest_route=\/wp\/v2\/users\/5"}],"replies":[{"embeddable":true,"href":"http:\/\/fup.gov.ba\/index.php?rest_route=%2Fwp%2Fv2%2Fcomments&post=23491"}],"version-history":[{"count":1,"href":"http:\/\/fup.gov.ba\/index.php?rest_route=\/wp\/v2\/posts\/23491\/revisions"}],"predecessor-version":[{"id":23492,"href":"http:\/\/fup.gov.ba\/index.php?rest_route=\/wp\/v2\/posts\/23491\/revisions\/23492"}],"wp:attachment":[{"href":"http:\/\/fup.gov.ba\/index.php?rest_route=%2Fwp%2Fv2%2Fmedia&parent=23491"}],"wp:term":[{"taxonomy":"category","embeddable":true,"href":"http:\/\/fup.gov.ba\/index.php?rest_route=%2Fwp%2Fv2%2Fcategories&post=23491"},{"taxonomy":"post_tag","embeddable":true,"href":"http:\/\/fup.gov.ba\/index.php?rest_route=%2Fwp%2Fv2%2Ftags&post=23491"}],"curies":[{"name":"wp","href":"https:\/\/api.w.org\/{rel}","templated":true}]}}