{"id":27909,"date":"2022-04-07T13:07:49","date_gmt":"2022-04-07T11:07:49","guid":{"rendered":"http:\/\/fup.gov.ba\/?p=27909"},"modified":"2022-04-07T13:08:51","modified_gmt":"2022-04-07T11:08:51","slug":"zamjenik-direktora-federalne-uprave-policije-posjetio-kantonalno-tuzilastvo-unsko-sanskog-kantona","status":"publish","type":"post","link":"http:\/\/fup.gov.ba\/?p=27909","title":{"rendered":"Zamjenik direktora Federalne uprave policije posjetio Kantonalno tu\u017eila\u0161tvo Unsko-sanskog kantona"},"content":{"rendered":"\t\t<div data-elementor-type=\"wp-post\" data-elementor-id=\"27909\" class=\"elementor elementor-27909\" data-elementor-settings=\"[]\">\n\t\t\t\t\t\t<div class=\"elementor-inner\">\n\t\t\t\t\t\t\t<div class=\"elementor-section-wrap\">\n\t\t\t\t\t\t\t<section class=\"has_eae_slider elementor-section elementor-top-section elementor-element elementor-element-2494fbb7 elementor-section-boxed elementor-section-height-default elementor-section-height-default\" data-id=\"2494fbb7\" data-element_type=\"section\">\n\t\t\t\t\t\t<div class=\"elementor-container elementor-column-gap-default\">\n\t\t\t\t\t\t\t<div class=\"elementor-row\">\n\t\t\t\t\t<div class=\"has_eae_slider elementor-column elementor-col-100 elementor-top-column elementor-element elementor-element-6f280a79\" data-id=\"6f280a79\" data-element_type=\"column\">\n\t\t\t<div class=\"elementor-column-wrap elementor-element-populated\">\n\t\t\t\t\t\t\t<div class=\"elementor-widget-wrap\">\n\t\t\t\t\t\t<div class=\"elementor-element elementor-element-14d23710 elementor-widget elementor-widget-text-editor\" data-id=\"14d23710\" data-element_type=\"widget\" data-widget_type=\"text-editor.default\">\n\t\t\t\t<div class=\"elementor-widget-container\">\n\t\t\t\t\t\t\t\t<div class=\"elementor-text-editor elementor-clearfix\">\n\t\t\t\t<p style=\"text-align: justify;\">Danas, 07.04.2022. godine, Kantonalno tu\u017eila\u0161tvo Unsko-sanskog kantona je posjetio zamjenik direktora Federalne uprave policije, Ensad Korman sa saradnicima, kojom prilikom je odr\u017eao radni sastanak sa glavnom kantonalnom tu\u017eiteljicom, Fadilom Amid\u017ei\u0107 i njenim zamjenicima i drugim saradnicima, a na temelju dosada\u0161nje uspje\u0161ne saradnje, te radi iznala\u017eenja modaliteta za jo\u0161 bolji i uspje\u0161niji rad u cilju dokumentovanja krivi\u010dnih djela iz domena Uprave policije i navedenog Tu\u017eila\u0161tva.<\/p>\r\n<p style=\"text-align: justify;\">Pored navedenog povod dana\u0161nje posjete je potpisivanje Protokola o saradnji izme\u0111u Federalne uprave policije i Kantonalnog tu\u017eila\u0161tva Unsko-sanskog kantona. Potpisivanjem ovog Protokola izra\u017eava se spremnost i potvr\u0111uje nastavak saradnje u radu na krivi\u010dnom gonjenju svih oblika kriminaliteta, posebno na predmetima organiziranog kriminala, privrednog kriminala i korupcije.<\/p>\r\n<p style=\"text-align: justify;\">Svrha ovog Protokola je da osigura formalni okvir saradnje njegovih potpisnika i preciznije defini\u0161e uspostavljenu zakonsku saradnju. Protokol defini\u0161e da Kantonalno tu\u017eila\u0161tvo Unsko-sanskog kantona anga\u017euje Federalnu upravu policije kao jednu od policijskih agencija u Bosni i Hercegovini u okvirima nadle\u017enosti, a posebno u predmetima terorizma, me\u0111ukantonalnog kriminala, stavljanja u promet opojnih droga, organiziranog kriminala i drugih krivi\u010dnih djela, tako\u0111er Federalna uprava policije se posebno anga\u017euje na predmetima organiziranog kriminala i korupcije u kojim predmetima Federalna uprava policije postupa prioritetno u skladu sa instrukcijama.<\/p>\r\n<p style=\"text-align: justify;\">Tako\u0111er, protokol predvi\u0111a da za potrebe predmeta u radu Kantonalnog tu\u017eila\u0161tva Unsko-sanskog kantona, Federalna uprava policije vr\u0161i kriminalisti\u010dko-tehni\u010dka vje\u0161ta\u010denja u kojima prioritete zajedni\u010dki odre\u0111uju potpisnici ovog Protokola.<\/p>\t\t\t\t\t<\/div>\n\t\t\t\t\t\t<\/div>\n\t\t\t\t<\/div>\n\t\t\t\t\t\t<\/div>\n\t\t\t\t\t<\/div>\n\t\t<\/div>\n\t\t\t\t\t\t\t\t<\/div>\n\t\t\t\t\t<\/div>\n\t\t<\/section>\n\t\t\t\t<section class=\"has_eae_slider elementor-section elementor-top-section elementor-element elementor-element-6e0ada7 elementor-section-boxed elementor-section-height-default elementor-section-height-default\" data-id=\"6e0ada7\" data-element_type=\"section\">\n\t\t\t\t\t\t<div class=\"elementor-container elementor-column-gap-default\">\n\t\t\t\t\t\t\t<div class=\"elementor-row\">\n\t\t\t\t\t<div class=\"has_eae_slider elementor-column elementor-col-100 elementor-top-column elementor-element elementor-element-4053e57\" data-id=\"4053e57\" data-element_type=\"column\">\n\t\t\t<div class=\"elementor-column-wrap elementor-element-populated\">\n\t\t\t\t\t\t\t<div class=\"elementor-widget-wrap\">\n\t\t\t\t\t\t<div class=\"elementor-element elementor-element-be1105a elementor-widget elementor-widget-image-gallery\" data-id=\"be1105a\" data-element_type=\"widget\" data-widget_type=\"image-gallery.default\">\n\t\t\t\t<div class=\"elementor-widget-container\">\n\t\t\t\t\t<div class=\"elementor-image-gallery\">\n\t\t\t<div id='gallery-1' class='gallery galleryid-27909 gallery-columns-1 gallery-size-large'><figure class='gallery-item'>\n\t\t\t<div class='gallery-icon landscape'>\n\t\t\t\t<a data-elementor-open-lightbox=\"yes\" data-elementor-lightbox-slideshow=\"be1105a\" data-elementor-lightbox-title=\"07.04.2022. KTUSK_1\" href='http:\/\/fup.gov.ba\/wp-content\/uploads\/2022\/04\/07.04.2022.-KTUSK_1.jpg'><img width=\"900\" height=\"600\" src=\"http:\/\/fup.gov.ba\/wp-content\/uploads\/2022\/04\/07.04.2022.-KTUSK_1.jpg\" class=\"attachment-large size-large\" alt=\"\" loading=\"lazy\" srcset=\"http:\/\/fup.gov.ba\/wp-content\/uploads\/2022\/04\/07.04.2022.-KTUSK_1.jpg 900w, http:\/\/fup.gov.ba\/wp-content\/uploads\/2022\/04\/07.04.2022.-KTUSK_1-300x200.jpg 300w, http:\/\/fup.gov.ba\/wp-content\/uploads\/2022\/04\/07.04.2022.-KTUSK_1-768x512.jpg 768w, http:\/\/fup.gov.ba\/wp-content\/uploads\/2022\/04\/07.04.2022.-KTUSK_1-350x233.jpg 350w\" sizes=\"(max-width: 900px) 100vw, 900px\" \/><\/a>\n\t\t\t<\/div><\/figure><figure class='gallery-item'>\n\t\t\t<div class='gallery-icon landscape'>\n\t\t\t\t<a data-elementor-open-lightbox=\"yes\" data-elementor-lightbox-slideshow=\"be1105a\" data-elementor-lightbox-title=\"07.04.2022. KTUSK_2\" href='http:\/\/fup.gov.ba\/wp-content\/uploads\/2022\/04\/07.04.2022.-KTUSK_2.jpg'><img width=\"900\" height=\"600\" src=\"http:\/\/fup.gov.ba\/wp-content\/uploads\/2022\/04\/07.04.2022.-KTUSK_2.jpg\" class=\"attachment-large size-large\" alt=\"\" loading=\"lazy\" srcset=\"http:\/\/fup.gov.ba\/wp-content\/uploads\/2022\/04\/07.04.2022.-KTUSK_2.jpg 900w, http:\/\/fup.gov.ba\/wp-content\/uploads\/2022\/04\/07.04.2022.-KTUSK_2-300x200.jpg 300w, http:\/\/fup.gov.ba\/wp-content\/uploads\/2022\/04\/07.04.2022.-KTUSK_2-768x512.jpg 768w, http:\/\/fup.gov.ba\/wp-content\/uploads\/2022\/04\/07.04.2022.-KTUSK_2-350x233.jpg 350w\" sizes=\"(max-width: 900px) 100vw, 900px\" \/><\/a>\n\t\t\t<\/div><\/figure>\n\t\t<\/div>\n\t\t<\/div>\n\t\t\t\t<\/div>\n\t\t\t\t<\/div>\n\t\t\t\t\t\t<\/div>\n\t\t\t\t\t<\/div>\n\t\t<\/div>\n\t\t\t\t\t\t\t\t<\/div>\n\t\t\t\t\t<\/div>\n\t\t<\/section>\n\t\t\t\t\t\t<\/div>\n\t\t\t\t\t\t<\/div>\n\t\t\t\t\t<\/div>\n\t\t","protected":false},"excerpt":{"rendered":"<p>Danas, 07.04.2022. godine, Kantonalno tu\u017eila\u0161tvo Unsko-sanskog kantona je posjetio zamjenik direktora Federalne uprave policije, Ensad Korman sa saradnicima, kojom prilikom je odr\u017eao radni sastanak sa glavnom kantonalnom tu\u017eiteljicom, Fadilom Amid\u017ei\u0107 i njenim zamjenicima i drugim saradnicima, a na temelju dosada\u0161nje uspje\u0161ne saradnje, te radi iznala\u017eenja modaliteta za jo\u0161 bolji i uspje\u0161niji rad u cilju dokumentovanja krivi\u010dnih djela iz domena Uprave policije i navedenog Tu\u017eila\u0161tva.<\/p>\n","protected":false},"author":5,"featured_media":27911,"comment_status":"closed","ping_status":"closed","sticky":false,"template":"","format":"standard","meta":{"spay_email":""},"categories":[81,6],"tags":[],"jetpack_featured_media_url":"http:\/\/fup.gov.ba\/wp-content\/uploads\/2022\/04\/07.04.2022.-KTUSK_1.jpg","_links":{"self":[{"href":"http:\/\/fup.gov.ba\/index.php?rest_route=\/wp\/v2\/posts\/27909"}],"collection":[{"href":"http:\/\/fup.gov.ba\/index.php?rest_route=\/wp\/v2\/posts"}],"about":[{"href":"http:\/\/fup.gov.ba\/index.php?rest_route=\/wp\/v2\/types\/post"}],"author":[{"embeddable":true,"href":"http:\/\/fup.gov.ba\/index.php?rest_route=\/wp\/v2\/users\/5"}],"replies":[{"embeddable":true,"href":"http:\/\/fup.gov.ba\/index.php?rest_route=%2Fwp%2Fv2%2Fcomments&post=27909"}],"version-history":[{"count":5,"href":"http:\/\/fup.gov.ba\/index.php?rest_route=\/wp\/v2\/posts\/27909\/revisions"}],"predecessor-version":[{"id":27916,"href":"http:\/\/fup.gov.ba\/index.php?rest_route=\/wp\/v2\/posts\/27909\/revisions\/27916"}],"wp:featuredmedia":[{"embeddable":true,"href":"http:\/\/fup.gov.ba\/index.php?rest_route=\/wp\/v2\/media\/27911"}],"wp:attachment":[{"href":"http:\/\/fup.gov.ba\/index.php?rest_route=%2Fwp%2Fv2%2Fmedia&parent=27909"}],"wp:term":[{"taxonomy":"category","embeddable":true,"href":"http:\/\/fup.gov.ba\/index.php?rest_route=%2Fwp%2Fv2%2Fcategories&post=27909"},{"taxonomy":"post_tag","embeddable":true,"href":"http:\/\/fup.gov.ba\/index.php?rest_route=%2Fwp%2Fv2%2Ftags&post=27909"}],"curies":[{"name":"wp","href":"https:\/\/api.w.org\/{rel}","templated":true}]}}