{"id":27927,"date":"2022-04-11T15:33:46","date_gmt":"2022-04-11T13:33:46","guid":{"rendered":"http:\/\/fup.gov.ba\/?p=27927"},"modified":"2022-04-17T10:25:07","modified_gmt":"2022-04-17T08:25:07","slug":"zamjenik-direktora-federalne-uprave-policije-se-susreo-sa-v-d-glavnog-tuzioca-tuzilastva-bosne-i-hercegovine","status":"publish","type":"post","link":"http:\/\/fup.gov.ba\/?p=27927","title":{"rendered":"Odr\u017ean sastanak Zamjenika direktora Federalne uprave policije i v.d. glavnog tu\u017eioca Tu\u017eila\u0161tva Bosne i Hercegovine"},"content":{"rendered":"<p style=\"text-align: justify;\">Dana, 11.04.2022. godine u prostorijama Tu\u017eila\u0161tva Bosne i Hercegovine odr\u017ean je sastanak Zamjenika direktora Federalne uprave Ensada Kormana i v.d. glavnog tu\u017eioca Milenka Kajgani\u0107a.<\/p>\n<p style=\"text-align: justify;\">Glavna tema sastanka bila je saradnja dviju institucija s posebnim akcentom na borbu protiv organiziranog kriminala na podru\u010dju Bosne i Hercegovine. Nagla\u0161eno je da Federalna uprava policije i Tu\u017eila\u0161tvo Bosne i Hercegovine imaju izuzetno kvalitetnu saradnju, te se ostvaruju zajedni\u010dke aktivnosti u sve ve\u0107em broju predmeta, uklju\u010duju\u0107i i predmete sa elementima regionalne i me\u0111unarodne saradnje u borbi protiv najte\u017eih oblika kriminala.<\/p>\n<p style=\"text-align: justify;\">Tako\u0111er je istaknuto da je za postizanje jo\u0161 boljih rezultata, potrebno proaktivno djelovanje i stalni kontakt me\u0111u institucijama, kako bi se zajedni\u010dkim radom ostvarili ciljevi u ja\u010danju vladavine prava i stvaranju bolje sigurnosne situacije u Bosni i Hercegovini.<\/p>\n","protected":false},"excerpt":{"rendered":"<p>Dana, 11.04.2022. godine u prostorijama Tu\u017eila\u0161tva Bosne i Hercegovine odr\u017ean je sastanak Zamjenika direktora Federalne uprave Ensada Kormana i v.d. glavnog tu\u017eioca Milenka Kajgani\u0107a. Glavna tema sastanka bila je saradnja dviju institucija s posebnim akcentom na borbu protiv organiziranog kriminala na podru\u010dju Bosne i Hercegovine.<\/p>\n","protected":false},"author":5,"featured_media":27928,"comment_status":"closed","ping_status":"closed","sticky":false,"template":"","format":"standard","meta":{"spay_email":""},"categories":[81,6],"tags":[],"jetpack_featured_media_url":"http:\/\/fup.gov.ba\/wp-content\/uploads\/2022\/04\/11.4.2022.-Tuzilastvo-BiH_1.jpg","_links":{"self":[{"href":"http:\/\/fup.gov.ba\/index.php?rest_route=\/wp\/v2\/posts\/27927"}],"collection":[{"href":"http:\/\/fup.gov.ba\/index.php?rest_route=\/wp\/v2\/posts"}],"about":[{"href":"http:\/\/fup.gov.ba\/index.php?rest_route=\/wp\/v2\/types\/post"}],"author":[{"embeddable":true,"href":"http:\/\/fup.gov.ba\/index.php?rest_route=\/wp\/v2\/users\/5"}],"replies":[{"embeddable":true,"href":"http:\/\/fup.gov.ba\/index.php?rest_route=%2Fwp%2Fv2%2Fcomments&post=27927"}],"version-history":[{"count":3,"href":"http:\/\/fup.gov.ba\/index.php?rest_route=\/wp\/v2\/posts\/27927\/revisions"}],"predecessor-version":[{"id":28004,"href":"http:\/\/fup.gov.ba\/index.php?rest_route=\/wp\/v2\/posts\/27927\/revisions\/28004"}],"wp:featuredmedia":[{"embeddable":true,"href":"http:\/\/fup.gov.ba\/index.php?rest_route=\/wp\/v2\/media\/27928"}],"wp:attachment":[{"href":"http:\/\/fup.gov.ba\/index.php?rest_route=%2Fwp%2Fv2%2Fmedia&parent=27927"}],"wp:term":[{"taxonomy":"category","embeddable":true,"href":"http:\/\/fup.gov.ba\/index.php?rest_route=%2Fwp%2Fv2%2Fcategories&post=27927"},{"taxonomy":"post_tag","embeddable":true,"href":"http:\/\/fup.gov.ba\/index.php?rest_route=%2Fwp%2Fv2%2Ftags&post=27927"}],"curies":[{"name":"wp","href":"https:\/\/api.w.org\/{rel}","templated":true}]}}