{"id":27941,"date":"2022-04-13T09:09:56","date_gmt":"2022-04-13T07:09:56","guid":{"rendered":"http:\/\/fup.gov.ba\/?p=27941"},"modified":"2022-04-13T09:09:56","modified_gmt":"2022-04-13T07:09:56","slug":"bilten-za-dan-12-13-04-2022-godine","status":"publish","type":"post","link":"http:\/\/fup.gov.ba\/?p=27941","title":{"rendered":"Bilten za\u00a0dan 12\/13.04.2022. godine"},"content":{"rendered":"<p style=\"text-align: justify;\">Na osnovu izvje\u0161taja operativnih centara kantonalnih ministarstava unutarnjih poslova i Federalne uprave policije, tokom navedenog perioda na podru\u010dju Federacije BiH registrovano je:<!--more--><\/p>\n<p style=\"text-align: justify;\"><strong>33 krivi\u010dna djela<\/strong> i to:<\/p>\n<ul style=\"text-align: justify;\">\n<li>12 te\u0161kih kra\u0111a (jedno motorno vozilo);<\/li>\n<li>jedna kra\u0111a;<\/li>\n<li>o\u0161te\u0107enje tu\u0111e stvari;<\/li>\n<li>jedno ugro\u017eavanje sigurnosti;<\/li>\n<li>jedno izazivanje op\u0107e opasnost;<\/li>\n<li>jedno posjedovanje opojne droge;<\/li>\n<li>16 ostalih krivi\u010dnih djela;<\/li>\n<\/ul>\n<p style=\"text-align: justify;\"><strong>26 naru\u0161avanja javnog reda i mira<\/strong> u kojima je jedno lice zadobilo lak\u0161e tjelesne povrede.<\/p>\n<p style=\"text-align: justify;\"><strong>42 saobra\u0107ajne nezgode<\/strong>, u kojima je sedam lica zadobilo lak\u0161e tjelesne povrede.<\/p>\n<p style=\"text-align: justify;\"><strong>Deset lica je li\u0161eno slobode, a sedam lica je zadr\u017eano.<\/strong><\/p>\n","protected":false},"excerpt":{"rendered":"<p>Na osnovu izvje\u0161taja operativnih centara kantonalnih ministarstava unutarnjih poslova i Federalne uprave policije, tokom navedenog perioda na podru\u010dju Federacije BiH registrovano je:<\/p>\n","protected":false},"author":5,"featured_media":0,"comment_status":"closed","ping_status":"closed","sticky":false,"template":"","format":"standard","meta":{"spay_email":""},"categories":[81,5],"tags":[],"jetpack_featured_media_url":"","_links":{"self":[{"href":"http:\/\/fup.gov.ba\/index.php?rest_route=\/wp\/v2\/posts\/27941"}],"collection":[{"href":"http:\/\/fup.gov.ba\/index.php?rest_route=\/wp\/v2\/posts"}],"about":[{"href":"http:\/\/fup.gov.ba\/index.php?rest_route=\/wp\/v2\/types\/post"}],"author":[{"embeddable":true,"href":"http:\/\/fup.gov.ba\/index.php?rest_route=\/wp\/v2\/users\/5"}],"replies":[{"embeddable":true,"href":"http:\/\/fup.gov.ba\/index.php?rest_route=%2Fwp%2Fv2%2Fcomments&post=27941"}],"version-history":[{"count":1,"href":"http:\/\/fup.gov.ba\/index.php?rest_route=\/wp\/v2\/posts\/27941\/revisions"}],"predecessor-version":[{"id":27942,"href":"http:\/\/fup.gov.ba\/index.php?rest_route=\/wp\/v2\/posts\/27941\/revisions\/27942"}],"wp:attachment":[{"href":"http:\/\/fup.gov.ba\/index.php?rest_route=%2Fwp%2Fv2%2Fmedia&parent=27941"}],"wp:term":[{"taxonomy":"category","embeddable":true,"href":"http:\/\/fup.gov.ba\/index.php?rest_route=%2Fwp%2Fv2%2Fcategories&post=27941"},{"taxonomy":"post_tag","embeddable":true,"href":"http:\/\/fup.gov.ba\/index.php?rest_route=%2Fwp%2Fv2%2Ftags&post=27941"}],"curies":[{"name":"wp","href":"https:\/\/api.w.org\/{rel}","templated":true}]}}