{"id":28868,"date":"2022-07-21T14:41:19","date_gmt":"2022-07-21T12:41:19","guid":{"rendered":"http:\/\/fup.gov.ba\/?p=28868"},"modified":"2022-07-21T14:44:57","modified_gmt":"2022-07-21T12:44:57","slug":"liseno-slobode-lice-iz-bugojna-koje-se-sumnjici-da-je-iznudom-pribavio-imovinsku-korist-od-oko-12-miliona-konvertibilnih-maraka","status":"publish","type":"post","link":"http:\/\/fup.gov.ba\/?p=28868","title":{"rendered":"Li\u0161eno slobode lice iz Bugojna koje se sumnji\u010di da je iznudom pribavilo imovinsku korist od oko 1,2 miliona konvertibilnih maraka"},"content":{"rendered":"\t\t<div data-elementor-type=\"wp-post\" data-elementor-id=\"28868\" class=\"elementor elementor-28868\" data-elementor-settings=\"[]\">\n\t\t\t\t\t\t<div class=\"elementor-inner\">\n\t\t\t\t\t\t\t<div class=\"elementor-section-wrap\">\n\t\t\t\t\t\t\t<section class=\"has_eae_slider elementor-section elementor-top-section elementor-element elementor-element-7afdbe18 elementor-section-boxed elementor-section-height-default elementor-section-height-default\" data-id=\"7afdbe18\" data-element_type=\"section\">\n\t\t\t\t\t\t<div class=\"elementor-container elementor-column-gap-default\">\n\t\t\t\t\t\t\t<div class=\"elementor-row\">\n\t\t\t\t\t<div class=\"has_eae_slider elementor-column elementor-col-100 elementor-top-column elementor-element elementor-element-1e7557e4\" data-id=\"1e7557e4\" data-element_type=\"column\">\n\t\t\t<div class=\"elementor-column-wrap elementor-element-populated\">\n\t\t\t\t\t\t\t<div class=\"elementor-widget-wrap\">\n\t\t\t\t\t\t<div class=\"elementor-element elementor-element-6131e6cb elementor-widget elementor-widget-text-editor\" data-id=\"6131e6cb\" data-element_type=\"widget\" data-widget_type=\"text-editor.default\">\n\t\t\t\t<div class=\"elementor-widget-container\">\n\t\t\t\t\t\t\t\t<div class=\"elementor-text-editor elementor-clearfix\">\n\t\t\t\t<p style=\"text-align: justify;\">Dana 20. i 21.07.2022. godine, policijski slu\u017ebenici Federalne uprave policije su pod nadzorom Kantonalnog tu\u017eila\u0161tva Srednjobosanskog kantona, poduzimali mjere i radnje iz svoje nadle\u017enosti s ciljem dokumentovanja izvr\u0161enja krivi\u010dnog djela \u201eIznuda\u201c iz \u010dlana 295. Krivi\u010dnog zakona Federacije Bosne i Hercegovine.<\/p>\r\n<p style=\"text-align: justify;\">U sklopu navedenih aktivnosti, li\u0161eno je slobode jedno lice iz Bugojna inicijala I.M. (1978.), koji se sumnji\u010di da je u prethodne \u010detiri godine kontinuirano iznu\u0111ivalo novac od vlasnika jednog privrednog subjekta iz Bugojna, a pri tome upu\u0107ivaju\u0107i mu ozbiljne prijetnje po \u017eivot i tijelo, te je na taj na\u010din za sebe pribavio protupravnu imovinsku korist cca 1,2 miliona konvertibilnih maraka, a privrednom subjektu nanio veliku materijalnu \u0161tetu.<\/p>\r\n<p style=\"text-align: justify;\">Policijski slu\u017ebenici Federalne uprave policije su li\u0161ili slobode osumnji\u010denog I.M. prilikom primopredaje novca, kojom prilikom su kod istog prona\u0161li i oduzeli 10.000 KM koje je neposredno prije toga uzeo od strane o\u0161te\u0107enog, te putni\u010dko motorno vozilo \u010dija je vrijednost cca. 250.000 KM koje je isti u prethodnom periodu, tako\u0111er, nezakonito oduzeo od o\u0161te\u0107enog.<\/p>\r\n<p style=\"text-align: justify;\">Postupaju\u0107i po Naredbi Op\u0107inskog suda u Bugojnu, policijski slu\u017ebenici Federalne uprave policije izvr\u0161ili su pretres ku\u0107e i prate\u0107ih objekata koje koristi osumnji\u010deni na podru\u010dju op\u0107ine Bugojno kojom prilikom je prona\u0111eno i oduzeto 30.000 KM, vatreno oru\u017eje i drugi predmeti koji \u0107e biti kori\u0161teni kao dokaz u krivi\u010dnom postupku.<\/p>\r\n<p style=\"text-align: justify;\">Lice li\u0161eno slobode je kriminalisti\u010dki obra\u0111eno u slu\u017ebenim prostorijama Federalne uprave policije, te je danas predato na dalju nadle\u017enost Kantonalnom tu\u017eila\u0161tvu Srednjobosanskog kantona uz Izvje\u0161taj o po\u010dinjenom krivi\u010dnom djelu.<\/p>\t\t\t\t\t<\/div>\n\t\t\t\t\t\t<\/div>\n\t\t\t\t<\/div>\n\t\t\t\t\t\t<\/div>\n\t\t\t\t\t<\/div>\n\t\t<\/div>\n\t\t\t\t\t\t\t\t<\/div>\n\t\t\t\t\t<\/div>\n\t\t<\/section>\n\t\t\t\t<section class=\"has_eae_slider elementor-section elementor-top-section elementor-element elementor-element-d3b9554 elementor-section-boxed elementor-section-height-default elementor-section-height-default\" data-id=\"d3b9554\" data-element_type=\"section\">\n\t\t\t\t\t\t<div class=\"elementor-container elementor-column-gap-default\">\n\t\t\t\t\t\t\t<div class=\"elementor-row\">\n\t\t\t\t\t<div class=\"has_eae_slider elementor-column elementor-col-100 elementor-top-column elementor-element elementor-element-31fb93b\" data-id=\"31fb93b\" data-element_type=\"column\">\n\t\t\t<div class=\"elementor-column-wrap elementor-element-populated\">\n\t\t\t\t\t\t\t<div class=\"elementor-widget-wrap\">\n\t\t\t\t\t\t<div class=\"elementor-element elementor-element-2883774 elementor-widget elementor-widget-image-gallery\" data-id=\"2883774\" data-element_type=\"widget\" data-widget_type=\"image-gallery.default\">\n\t\t\t\t<div class=\"elementor-widget-container\">\n\t\t\t\t\t<div class=\"elementor-image-gallery\">\n\t\t\t<div id='gallery-1' class='gallery galleryid-28868 gallery-columns-1 gallery-size-large'><figure class='gallery-item'>\n\t\t\t<div class='gallery-icon landscape'>\n\t\t\t\t<a data-elementor-open-lightbox=\"yes\" data-elementor-lightbox-slideshow=\"2883774\" href='http:\/\/fup.gov.ba\/wp-content\/uploads\/2022\/07\/21.7.2022_1.jpg'><img width=\"900\" height=\"600\" src=\"http:\/\/fup.gov.ba\/wp-content\/uploads\/2022\/07\/21.7.2022_1.jpg\" class=\"attachment-large size-large\" alt=\"\" loading=\"lazy\" srcset=\"http:\/\/fup.gov.ba\/wp-content\/uploads\/2022\/07\/21.7.2022_1.jpg 900w, http:\/\/fup.gov.ba\/wp-content\/uploads\/2022\/07\/21.7.2022_1-300x200.jpg 300w, http:\/\/fup.gov.ba\/wp-content\/uploads\/2022\/07\/21.7.2022_1-768x512.jpg 768w, http:\/\/fup.gov.ba\/wp-content\/uploads\/2022\/07\/21.7.2022_1-350x233.jpg 350w\" sizes=\"(max-width: 900px) 100vw, 900px\" \/><\/a>\n\t\t\t<\/div><\/figure><figure class='gallery-item'>\n\t\t\t<div class='gallery-icon landscape'>\n\t\t\t\t<a data-elementor-open-lightbox=\"yes\" data-elementor-lightbox-slideshow=\"2883774\" href='http:\/\/fup.gov.ba\/wp-content\/uploads\/2022\/07\/21.7.2022_1.jpg2_.jpg'><img width=\"900\" height=\"600\" src=\"http:\/\/fup.gov.ba\/wp-content\/uploads\/2022\/07\/21.7.2022_1.jpg2_.jpg\" class=\"attachment-large size-large\" alt=\"\" loading=\"lazy\" srcset=\"http:\/\/fup.gov.ba\/wp-content\/uploads\/2022\/07\/21.7.2022_1.jpg2_.jpg 900w, http:\/\/fup.gov.ba\/wp-content\/uploads\/2022\/07\/21.7.2022_1.jpg2_-300x200.jpg 300w, http:\/\/fup.gov.ba\/wp-content\/uploads\/2022\/07\/21.7.2022_1.jpg2_-768x512.jpg 768w, http:\/\/fup.gov.ba\/wp-content\/uploads\/2022\/07\/21.7.2022_1.jpg2_-350x233.jpg 350w\" sizes=\"(max-width: 900px) 100vw, 900px\" \/><\/a>\n\t\t\t<\/div><\/figure>\n\t\t<\/div>\n\t\t<\/div>\n\t\t\t\t<\/div>\n\t\t\t\t<\/div>\n\t\t\t\t\t\t<\/div>\n\t\t\t\t\t<\/div>\n\t\t<\/div>\n\t\t\t\t\t\t\t\t<\/div>\n\t\t\t\t\t<\/div>\n\t\t<\/section>\n\t\t\t\t\t\t<\/div>\n\t\t\t\t\t\t<\/div>\n\t\t\t\t\t<\/div>\n\t\t","protected":false},"excerpt":{"rendered":"<p>Dana 20. i 21.07.2022. godine, policijski slu\u017ebenici Federalne uprave policije su pod nadzorom Kantonalnog tu\u017eila\u0161tva Srednjobosanskog kantona, poduzimali mjere i radnje iz svoje nadle\u017enosti s ciljem dokumentovanja izvr\u0161enja krivi\u010dnog djela \u201eIznuda\u201c iz \u010dlana 295. KZ FBiH.<\/p>\n","protected":false},"author":5,"featured_media":28871,"comment_status":"closed","ping_status":"closed","sticky":false,"template":"","format":"standard","meta":{"spay_email":""},"categories":[81,6],"tags":[],"jetpack_featured_media_url":"http:\/\/fup.gov.ba\/wp-content\/uploads\/2022\/07\/21.7.2022_1.jpg2_.jpg","_links":{"self":[{"href":"http:\/\/fup.gov.ba\/index.php?rest_route=\/wp\/v2\/posts\/28868"}],"collection":[{"href":"http:\/\/fup.gov.ba\/index.php?rest_route=\/wp\/v2\/posts"}],"about":[{"href":"http:\/\/fup.gov.ba\/index.php?rest_route=\/wp\/v2\/types\/post"}],"author":[{"embeddable":true,"href":"http:\/\/fup.gov.ba\/index.php?rest_route=\/wp\/v2\/users\/5"}],"replies":[{"embeddable":true,"href":"http:\/\/fup.gov.ba\/index.php?rest_route=%2Fwp%2Fv2%2Fcomments&post=28868"}],"version-history":[{"count":6,"href":"http:\/\/fup.gov.ba\/index.php?rest_route=\/wp\/v2\/posts\/28868\/revisions"}],"predecessor-version":[{"id":28876,"href":"http:\/\/fup.gov.ba\/index.php?rest_route=\/wp\/v2\/posts\/28868\/revisions\/28876"}],"wp:featuredmedia":[{"embeddable":true,"href":"http:\/\/fup.gov.ba\/index.php?rest_route=\/wp\/v2\/media\/28871"}],"wp:attachment":[{"href":"http:\/\/fup.gov.ba\/index.php?rest_route=%2Fwp%2Fv2%2Fmedia&parent=28868"}],"wp:term":[{"taxonomy":"category","embeddable":true,"href":"http:\/\/fup.gov.ba\/index.php?rest_route=%2Fwp%2Fv2%2Fcategories&post=28868"},{"taxonomy":"post_tag","embeddable":true,"href":"http:\/\/fup.gov.ba\/index.php?rest_route=%2Fwp%2Fv2%2Ftags&post=28868"}],"curies":[{"name":"wp","href":"https:\/\/api.w.org\/{rel}","templated":true}]}}