{"id":29139,"date":"2022-08-15T14:46:21","date_gmt":"2022-08-15T12:46:21","guid":{"rendered":"http:\/\/fup.gov.ba\/?p=29139"},"modified":"2022-08-15T14:47:53","modified_gmt":"2022-08-15T12:47:53","slug":"u-operativnoj-akciji-as-jedno-lice-liseno-slobode-zbog-sumnje-u-izvrsenje-krivicnog-djela-iskoristavanje-djeteta-ili-maloljetnika-radi-pornografije","status":"publish","type":"post","link":"http:\/\/fup.gov.ba\/?p=29139","title":{"rendered":"U operativnoj akciji \u201eAS\u201c jedno lice li\u0161eno slobode zbog sumnje u izvr\u0161enje krivi\u010dnog djela \u201eIskori\u0161tavanje djeteta ili maloljetnika radi pornografije\u201c"},"content":{"rendered":"\t\t<div data-elementor-type=\"wp-post\" data-elementor-id=\"29139\" class=\"elementor elementor-29139\" data-elementor-settings=\"[]\">\n\t\t\t\t\t\t<div class=\"elementor-inner\">\n\t\t\t\t\t\t\t<div class=\"elementor-section-wrap\">\n\t\t\t\t\t\t\t<section class=\"has_eae_slider elementor-section elementor-top-section elementor-element elementor-element-123d3e84 elementor-section-boxed elementor-section-height-default elementor-section-height-default\" data-id=\"123d3e84\" data-element_type=\"section\">\n\t\t\t\t\t\t<div class=\"elementor-container elementor-column-gap-default\">\n\t\t\t\t\t\t\t<div class=\"elementor-row\">\n\t\t\t\t\t<div class=\"has_eae_slider elementor-column elementor-col-100 elementor-top-column elementor-element elementor-element-3461678b\" data-id=\"3461678b\" data-element_type=\"column\">\n\t\t\t<div class=\"elementor-column-wrap elementor-element-populated\">\n\t\t\t\t\t\t\t<div class=\"elementor-widget-wrap\">\n\t\t\t\t\t\t<div class=\"elementor-element elementor-element-45464d8e elementor-widget elementor-widget-text-editor\" data-id=\"45464d8e\" data-element_type=\"widget\" data-widget_type=\"text-editor.default\">\n\t\t\t\t<div class=\"elementor-widget-container\">\n\t\t\t\t\t\t\t\t<div class=\"elementor-text-editor elementor-clearfix\">\n\t\t\t\t<p style=\"text-align: justify;\">Dana, 15.08.2022. godine, policijski slu\u017ebenici Federalne uprave policije su u saradnji sa Grani\u010dnom policijom Bosne i Hercegovine proveli operativnu akciju \u201eAS\u201c pod nadzorom Kantonalnog tu\u017eila\u0161tva Hercegova\u010dko-neretvanskog kantona, te slobode li\u0161ili jedno lice iz Mostara zbog sumnje na izvr\u0161enje krivi\u010dnog djela \u201cIskori\u0161tavanje djeteta ili maloljetnika radi pornografije\u201d iz \u010dlana 211. Krivi\u010dnog zakona Federacije Bosne i Hercegovine.<\/p>\n<p style=\"text-align: justify;\">Prilikom li\u0161enja slobode, kod pomenutog lica prona\u0111en je i oduzet mobilni telefon koji \u0107e se koristiti u krivi\u010dnom postupku.<\/p>\n<p style=\"text-align: justify;\">Lice li\u0161eno slobode \u0107e nakon kriminalisti\u010dke obrade u slu\u017ebenim prostorijama Federalne uprave policije u Mostaru, u zakonskom roku biti predato nadle\u017enom Tu\u017eila\u0161tvu uz Izvje\u0161taj o po\u010dinjenom krivi\u010dnom djelu.<\/p>\t\t\t\t\t<\/div>\n\t\t\t\t\t\t<\/div>\n\t\t\t\t<\/div>\n\t\t\t\t\t\t<\/div>\n\t\t\t\t\t<\/div>\n\t\t<\/div>\n\t\t\t\t\t\t\t\t<\/div>\n\t\t\t\t\t<\/div>\n\t\t<\/section>\n\t\t\t\t\t\t<\/div>\n\t\t\t\t\t\t<\/div>\n\t\t\t\t\t<\/div>\n\t\t","protected":false},"excerpt":{"rendered":"<p>Dana 15.08.2022. godine, policijski slu\u017ebenici Federalne uprave policije su u saradnji sa Grani\u010dnom policijom Bosne i Hercegovine proveli operativnu akciju \u201eAS\u201c pod nadzorom Kantonalnog tu\u017eila\u0161tva Hercegova\u010dko-neretvanskog kantona, te slobode li\u0161ili jedno lice iz Mostara zbog sumnje na izvr\u0161enje krivi\u010dnog djela \u201cIskori\u0161tavanje djeteta ili maloljetnika radi pornografije\u201d iz \u010dlana 211. Krivi\u010dnog zakona Federacije Bosne i Hercegovine.<\/p>\n","protected":false},"author":6,"featured_media":26393,"comment_status":"closed","ping_status":"closed","sticky":false,"template":"","format":"standard","meta":{"spay_email":""},"categories":[81,6],"tags":[],"jetpack_featured_media_url":"http:\/\/fup.gov.ba\/wp-content\/uploads\/2021\/10\/27.10.2021_1_I.H.-Sarajevo.jpg","_links":{"self":[{"href":"http:\/\/fup.gov.ba\/index.php?rest_route=\/wp\/v2\/posts\/29139"}],"collection":[{"href":"http:\/\/fup.gov.ba\/index.php?rest_route=\/wp\/v2\/posts"}],"about":[{"href":"http:\/\/fup.gov.ba\/index.php?rest_route=\/wp\/v2\/types\/post"}],"author":[{"embeddable":true,"href":"http:\/\/fup.gov.ba\/index.php?rest_route=\/wp\/v2\/users\/6"}],"replies":[{"embeddable":true,"href":"http:\/\/fup.gov.ba\/index.php?rest_route=%2Fwp%2Fv2%2Fcomments&post=29139"}],"version-history":[{"count":16,"href":"http:\/\/fup.gov.ba\/index.php?rest_route=\/wp\/v2\/posts\/29139\/revisions"}],"predecessor-version":[{"id":29155,"href":"http:\/\/fup.gov.ba\/index.php?rest_route=\/wp\/v2\/posts\/29139\/revisions\/29155"}],"wp:featuredmedia":[{"embeddable":true,"href":"http:\/\/fup.gov.ba\/index.php?rest_route=\/wp\/v2\/media\/26393"}],"wp:attachment":[{"href":"http:\/\/fup.gov.ba\/index.php?rest_route=%2Fwp%2Fv2%2Fmedia&parent=29139"}],"wp:term":[{"taxonomy":"category","embeddable":true,"href":"http:\/\/fup.gov.ba\/index.php?rest_route=%2Fwp%2Fv2%2Fcategories&post=29139"},{"taxonomy":"post_tag","embeddable":true,"href":"http:\/\/fup.gov.ba\/index.php?rest_route=%2Fwp%2Fv2%2Ftags&post=29139"}],"curies":[{"name":"wp","href":"https:\/\/api.w.org\/{rel}","templated":true}]}}