{"id":29157,"date":"2022-08-16T08:39:14","date_gmt":"2022-08-16T06:39:14","guid":{"rendered":"http:\/\/fup.gov.ba\/?p=29157"},"modified":"2022-08-16T08:39:14","modified_gmt":"2022-08-16T06:39:14","slug":"bilten-za-dan-15-16-08-2022-godine","status":"publish","type":"post","link":"http:\/\/fup.gov.ba\/?p=29157","title":{"rendered":"Bilten za dan 15\/16.08.2022. godine"},"content":{"rendered":"<p style=\"text-align: justify;\">Na osnovu izvje\u0161taja operativnih centara kantonalnih ministarstava unutarnjih poslova i Federalne uprave policije, tokom navedenog perioda na podru\u010dju Federacije BiH registrovano je:<!--more--><\/p>\n<p style=\"text-align: justify;\"><strong>\u00a030 krivi\u010dnih djela<\/strong> i to:<\/p>\n<ul style=\"text-align: justify;\">\n<li>dva razbojni\u0161tva;<\/li>\n<li>\u010detiri te\u0161ke kra\u0111e;<\/li>\n<li>tri kra\u0111e;<\/li>\n<li>jedno nasilje u porodici;<\/li>\n<li>dva o\u0161te\u0107enja tu\u0111e stvari;<\/li>\n<li>18 ostalih krivi\u010dnih djela;<\/li>\n<\/ul>\n<p style=\"text-align: justify;\"><strong>46 naru\u0161avanja javnog reda i mira<\/strong> u kojima je jedno lice zadobilo lak\u0161e tjelesne povrede.<\/p>\n<p style=\"text-align: justify;\"><strong>56 saobra\u0107ajnih nezgoda<\/strong> u kojima su \u010detiri lica zadobila te\u0161ke, a 16 lica lak\u0161e tjelesne povrede, dok za tri lica nije utvr\u0111en stepen tjelesnih povreda.<\/p>\n<p style=\"text-align: justify;\"><strong>18 lica je li\u0161eno slobode, a 18 lica je zadr\u017eano.<\/strong><\/p>\n","protected":false},"excerpt":{"rendered":"<p>Na osnovu izvje\u0161taja operativnih centara kantonalnih ministarstava unutarnjih poslova i Federalne uprave policije, tokom navedenog perioda na podru\u010dju Federacije BiH registrovano je:<\/p>\n","protected":false},"author":6,"featured_media":0,"comment_status":"closed","ping_status":"closed","sticky":false,"template":"","format":"standard","meta":{"spay_email":""},"categories":[81,5],"tags":[],"jetpack_featured_media_url":"","_links":{"self":[{"href":"http:\/\/fup.gov.ba\/index.php?rest_route=\/wp\/v2\/posts\/29157"}],"collection":[{"href":"http:\/\/fup.gov.ba\/index.php?rest_route=\/wp\/v2\/posts"}],"about":[{"href":"http:\/\/fup.gov.ba\/index.php?rest_route=\/wp\/v2\/types\/post"}],"author":[{"embeddable":true,"href":"http:\/\/fup.gov.ba\/index.php?rest_route=\/wp\/v2\/users\/6"}],"replies":[{"embeddable":true,"href":"http:\/\/fup.gov.ba\/index.php?rest_route=%2Fwp%2Fv2%2Fcomments&post=29157"}],"version-history":[{"count":1,"href":"http:\/\/fup.gov.ba\/index.php?rest_route=\/wp\/v2\/posts\/29157\/revisions"}],"predecessor-version":[{"id":29158,"href":"http:\/\/fup.gov.ba\/index.php?rest_route=\/wp\/v2\/posts\/29157\/revisions\/29158"}],"wp:attachment":[{"href":"http:\/\/fup.gov.ba\/index.php?rest_route=%2Fwp%2Fv2%2Fmedia&parent=29157"}],"wp:term":[{"taxonomy":"category","embeddable":true,"href":"http:\/\/fup.gov.ba\/index.php?rest_route=%2Fwp%2Fv2%2Fcategories&post=29157"},{"taxonomy":"post_tag","embeddable":true,"href":"http:\/\/fup.gov.ba\/index.php?rest_route=%2Fwp%2Fv2%2Ftags&post=29157"}],"curies":[{"name":"wp","href":"https:\/\/api.w.org\/{rel}","templated":true}]}}