{"id":29176,"date":"2022-08-17T07:37:15","date_gmt":"2022-08-17T05:37:15","guid":{"rendered":"http:\/\/fup.gov.ba\/?p=29176"},"modified":"2022-08-17T07:37:49","modified_gmt":"2022-08-17T05:37:49","slug":"bilten-za-dan-16-17-08-2022-godine","status":"publish","type":"post","link":"http:\/\/fup.gov.ba\/?p=29176","title":{"rendered":"Bilten za dan 16\/17.08.2022. godine"},"content":{"rendered":"<p style=\"text-align: justify;\">Na osnovu izvje\u0161taja operativnih centara kantonalnih ministarstava unutarnjih poslova i Federalne uprave policije, tokom navedenog perioda na podru\u010dju Federacije BiH registrovano je:<!--more--><\/p>\n<p style=\"text-align: justify;\"><strong>30 krivi\u010dnih djela<\/strong> i to:<\/p>\n<ul style=\"text-align: justify;\">\n<li>tri te\u0161ke kra\u0111e;<\/li>\n<li>osam kra\u0111a;<\/li>\n<li>tri nasilja u porodici;<\/li>\n<li>jedno izazivanje op\u0107e opasnosti;<\/li>\n<li>jedno o\u0161te\u0107enje tu\u0111e stvari;<\/li>\n<li>jedno ugro\u017eavanje sigurnosti;<\/li>\n<li>13 ostalih krivi\u010dnih djela;<\/li>\n<\/ul>\n<p style=\"text-align: justify;\"><strong>40 naru\u0161avanja javnog reda i mira<\/strong> u kojima je osam lica zadobilo lak\u0161e tjelesne povrede.<\/p>\n<p style=\"text-align: justify;\"><strong>61 saobra\u0107ajna nezgoda<\/strong> u kojima je jedno lice smrtno stradalo, deset lica zadobilo te\u0161ke, a 15 lica lak\u0161e tjelesne povrede.<\/p>\n<p style=\"text-align: justify;\"><strong>22 lica su li\u0161ena slobode, a 20 lica je zadr\u017eano.<\/strong><\/p>\n","protected":false},"excerpt":{"rendered":"<p>Na osnovu izvje\u0161taja operativnih centara kantonalnih ministarstava unutarnjih poslova i Federalne uprave policije, tokom navedenog perioda na podru\u010dju Federacije BiH registrovano je:<\/p>\n","protected":false},"author":6,"featured_media":0,"comment_status":"closed","ping_status":"closed","sticky":false,"template":"","format":"standard","meta":{"spay_email":""},"categories":[81,5],"tags":[],"jetpack_featured_media_url":"","_links":{"self":[{"href":"http:\/\/fup.gov.ba\/index.php?rest_route=\/wp\/v2\/posts\/29176"}],"collection":[{"href":"http:\/\/fup.gov.ba\/index.php?rest_route=\/wp\/v2\/posts"}],"about":[{"href":"http:\/\/fup.gov.ba\/index.php?rest_route=\/wp\/v2\/types\/post"}],"author":[{"embeddable":true,"href":"http:\/\/fup.gov.ba\/index.php?rest_route=\/wp\/v2\/users\/6"}],"replies":[{"embeddable":true,"href":"http:\/\/fup.gov.ba\/index.php?rest_route=%2Fwp%2Fv2%2Fcomments&post=29176"}],"version-history":[{"count":2,"href":"http:\/\/fup.gov.ba\/index.php?rest_route=\/wp\/v2\/posts\/29176\/revisions"}],"predecessor-version":[{"id":29178,"href":"http:\/\/fup.gov.ba\/index.php?rest_route=\/wp\/v2\/posts\/29176\/revisions\/29178"}],"wp:attachment":[{"href":"http:\/\/fup.gov.ba\/index.php?rest_route=%2Fwp%2Fv2%2Fmedia&parent=29176"}],"wp:term":[{"taxonomy":"category","embeddable":true,"href":"http:\/\/fup.gov.ba\/index.php?rest_route=%2Fwp%2Fv2%2Fcategories&post=29176"},{"taxonomy":"post_tag","embeddable":true,"href":"http:\/\/fup.gov.ba\/index.php?rest_route=%2Fwp%2Fv2%2Ftags&post=29176"}],"curies":[{"name":"wp","href":"https:\/\/api.w.org\/{rel}","templated":true}]}}