{"id":29186,"date":"2022-08-18T07:31:09","date_gmt":"2022-08-18T05:31:09","guid":{"rendered":"http:\/\/fup.gov.ba\/?p=29186"},"modified":"2022-08-18T07:31:09","modified_gmt":"2022-08-18T05:31:09","slug":"bilten-za-dan-17-18-08-2022-godine","status":"publish","type":"post","link":"http:\/\/fup.gov.ba\/?p=29186","title":{"rendered":"Bilten za dan 17\/18.08.2022. godine"},"content":{"rendered":"<p style=\"text-align: justify;\">Na osnovu izvje\u0161taja operativnih centara kantonalnih ministarstava unutarnjih poslova i Federalne uprave policije, tokom navedenog perioda na podru\u010dju Federacije BiH registrovano je:<!--more--><\/p>\n<p style=\"text-align: justify;\"><strong>24 krivi\u010dna djela<\/strong> i to:<\/p>\n<ul style=\"text-align: justify;\">\n<li>dvije te\u0161ke kra\u0111e (jedno motorno vozilo);<\/li>\n<li>dvije kra\u0111e;<\/li>\n<li>tri o\u0161te\u0107enja tu\u0111e stvari;<\/li>\n<li>jedno izazivanje op\u0107e opasnosti;<\/li>\n<li>jedno ugro\u017eavanje sigurnosti;<\/li>\n<li>pet posjedovanja opojne droge;<\/li>\n<li>deset ostalih krivi\u010dnih djela;<\/li>\n<\/ul>\n<p style=\"text-align: justify;\"><strong>37 naru\u0161avanja javnog reda i mira.<\/strong><\/p>\n<p style=\"text-align: justify;\"><strong>53 saobra\u0107ajne nezgode<\/strong> u kojima su dva lica zadobila te\u0161ke, sedam lica lak\u0161e tjelesne povrede.<\/p>\n<p style=\"text-align: justify;\"><strong>13 lica je li\u0161eno slobode, \u0161est lica je zadr\u017eano.<\/strong><\/p>\n","protected":false},"excerpt":{"rendered":"<p>Na osnovu izvje\u0161taja operativnih centara kantonalnih ministarstava unutarnjih poslova i Federalne uprave policije, tokom navedenog perioda na podru\u010dju Federacije BiH registrovano je:<\/p>\n","protected":false},"author":6,"featured_media":0,"comment_status":"closed","ping_status":"closed","sticky":false,"template":"","format":"standard","meta":{"spay_email":""},"categories":[81,5],"tags":[],"jetpack_featured_media_url":"","_links":{"self":[{"href":"http:\/\/fup.gov.ba\/index.php?rest_route=\/wp\/v2\/posts\/29186"}],"collection":[{"href":"http:\/\/fup.gov.ba\/index.php?rest_route=\/wp\/v2\/posts"}],"about":[{"href":"http:\/\/fup.gov.ba\/index.php?rest_route=\/wp\/v2\/types\/post"}],"author":[{"embeddable":true,"href":"http:\/\/fup.gov.ba\/index.php?rest_route=\/wp\/v2\/users\/6"}],"replies":[{"embeddable":true,"href":"http:\/\/fup.gov.ba\/index.php?rest_route=%2Fwp%2Fv2%2Fcomments&post=29186"}],"version-history":[{"count":1,"href":"http:\/\/fup.gov.ba\/index.php?rest_route=\/wp\/v2\/posts\/29186\/revisions"}],"predecessor-version":[{"id":29187,"href":"http:\/\/fup.gov.ba\/index.php?rest_route=\/wp\/v2\/posts\/29186\/revisions\/29187"}],"wp:attachment":[{"href":"http:\/\/fup.gov.ba\/index.php?rest_route=%2Fwp%2Fv2%2Fmedia&parent=29186"}],"wp:term":[{"taxonomy":"category","embeddable":true,"href":"http:\/\/fup.gov.ba\/index.php?rest_route=%2Fwp%2Fv2%2Fcategories&post=29186"},{"taxonomy":"post_tag","embeddable":true,"href":"http:\/\/fup.gov.ba\/index.php?rest_route=%2Fwp%2Fv2%2Ftags&post=29186"}],"curies":[{"name":"wp","href":"https:\/\/api.w.org\/{rel}","templated":true}]}}