{"id":29200,"date":"2022-08-22T08:40:57","date_gmt":"2022-08-22T06:40:57","guid":{"rendered":"http:\/\/fup.gov.ba\/?p=29200"},"modified":"2022-08-22T08:40:57","modified_gmt":"2022-08-22T06:40:57","slug":"bilten-za-dan-21-22-08-2022-godine","status":"publish","type":"post","link":"http:\/\/fup.gov.ba\/?p=29200","title":{"rendered":"Bilten za\u00a0dan 21\/22.08.2022. godine"},"content":{"rendered":"<p>Na osnovu izvje\u0161taja operativnih centara kantonalnih ministarstava unutarnjih poslova i Federalne uprave policije, tokom navedenog perioda na podru\u010dju Federacije BiH registrovano je:<!--more--><\/p>\n<p><strong>26 krivi\u010dnih djela<\/strong> i to:<\/p>\n<ul>\n<li style=\"text-align: justify;\">11 te\u0161kih kra\u0111a (jedno motorno vozilo);<\/li>\n<li style=\"text-align: justify;\">dvije kra\u0111e;<\/li>\n<li style=\"text-align: justify;\">jedno nasilje u porodici;<\/li>\n<li style=\"text-align: justify;\">tri o\u0161te\u0107enja tu\u0111e stvari;<\/li>\n<li style=\"text-align: justify;\">jedno posjedovanje opojne droge;<\/li>\n<li style=\"text-align: justify;\">osam ostalih krivi\u010dnih djela;<\/li>\n<\/ul>\n<p><strong>16 naru\u0161avanja javnog reda i mira<\/strong> u kojima je jedno lice zadobilo lak\u0161e tjelesne povrede.<\/p>\n<p><strong>46 saobra\u0107ajnih nezgoda<\/strong>, u kojima je jedno lice smrtno stradalo, \u010detiri lica \u00a0zadobilo te\u0161ke, 17 lica lak\u0161e tjelesne povrede, \u0161est lica zadobilo povrede sa neutvr\u0111enim stepenom.<\/p>\n<p><strong>13 lica je li\u0161eno slobode, 10 \u00a0lica je zadr\u017eano.<\/strong><\/p>\n","protected":false},"excerpt":{"rendered":"<p>Na osnovu izvje\u0161taja operativnih centara kantonalnih ministarstava unutarnjih poslova i Federalne uprave policije, tokom navedenog perioda na podru\u010dju Federacije BiH registrovano je:<\/p>\n","protected":false},"author":5,"featured_media":0,"comment_status":"closed","ping_status":"closed","sticky":false,"template":"","format":"standard","meta":{"spay_email":""},"categories":[81,5],"tags":[],"jetpack_featured_media_url":"","_links":{"self":[{"href":"http:\/\/fup.gov.ba\/index.php?rest_route=\/wp\/v2\/posts\/29200"}],"collection":[{"href":"http:\/\/fup.gov.ba\/index.php?rest_route=\/wp\/v2\/posts"}],"about":[{"href":"http:\/\/fup.gov.ba\/index.php?rest_route=\/wp\/v2\/types\/post"}],"author":[{"embeddable":true,"href":"http:\/\/fup.gov.ba\/index.php?rest_route=\/wp\/v2\/users\/5"}],"replies":[{"embeddable":true,"href":"http:\/\/fup.gov.ba\/index.php?rest_route=%2Fwp%2Fv2%2Fcomments&post=29200"}],"version-history":[{"count":1,"href":"http:\/\/fup.gov.ba\/index.php?rest_route=\/wp\/v2\/posts\/29200\/revisions"}],"predecessor-version":[{"id":29201,"href":"http:\/\/fup.gov.ba\/index.php?rest_route=\/wp\/v2\/posts\/29200\/revisions\/29201"}],"wp:attachment":[{"href":"http:\/\/fup.gov.ba\/index.php?rest_route=%2Fwp%2Fv2%2Fmedia&parent=29200"}],"wp:term":[{"taxonomy":"category","embeddable":true,"href":"http:\/\/fup.gov.ba\/index.php?rest_route=%2Fwp%2Fv2%2Fcategories&post=29200"},{"taxonomy":"post_tag","embeddable":true,"href":"http:\/\/fup.gov.ba\/index.php?rest_route=%2Fwp%2Fv2%2Ftags&post=29200"}],"curies":[{"name":"wp","href":"https:\/\/api.w.org\/{rel}","templated":true}]}}