{"id":29207,"date":"2022-08-23T08:39:21","date_gmt":"2022-08-23T06:39:21","guid":{"rendered":"http:\/\/fup.gov.ba\/?p=29207"},"modified":"2022-08-23T08:39:21","modified_gmt":"2022-08-23T06:39:21","slug":"bilten-za-dan-22-23-08-2022-godine","status":"publish","type":"post","link":"http:\/\/fup.gov.ba\/?p=29207","title":{"rendered":"Bilten za\u00a0dan 22\/23.08.2022. godine"},"content":{"rendered":"<p>Na osnovu izvje\u0161taja operativnih centara kantonalnih ministarstava unutarnjih poslova i Federalne uprave policije, tokom navedenog perioda na podru\u010dju Federacije BiH registrovano je:<!--more--><\/p>\n<p><strong>38 krivi\u010dnih djela<\/strong> i to:<\/p>\n<ul>\n<li style=\"text-align: justify;\">12 te\u0161kih kra\u0111a;<\/li>\n<li style=\"text-align: justify;\">tri kra\u0111e;<\/li>\n<li style=\"text-align: justify;\">tri nasilja u porodici;<\/li>\n<li style=\"text-align: justify;\">jedno o\u0161te\u0107enje tu\u0111e stvari;<\/li>\n<li style=\"text-align: justify;\">19 ostalih krivi\u010dnih djela;<\/li>\n<\/ul>\n<p><strong>46 naru\u0161avanja javnog reda i mira<\/strong> u kojima su dva lica zadobila lak\u0161e tjelesne povrede.<\/p>\n<p><strong>45 saobra\u0107ajnih nezgoda<\/strong>, u kojima je jedno lice smrtno stradalo, dva lica zadobila te\u0161ke, 18 lica lak\u0161e tjelesne povrede.<\/p>\n<p><strong>24 lica je li\u0161eno slobode, 20 lica je zadr\u017eano.<\/strong><\/p>\n","protected":false},"excerpt":{"rendered":"<p>Na osnovu izvje\u0161taja operativnih centara kantonalnih ministarstava unutarnjih poslova i Federalne uprave policije, tokom navedenog perioda na podru\u010dju Federacije BiH registrovano je:<\/p>\n","protected":false},"author":5,"featured_media":0,"comment_status":"closed","ping_status":"closed","sticky":false,"template":"","format":"standard","meta":{"spay_email":""},"categories":[81,5],"tags":[],"jetpack_featured_media_url":"","_links":{"self":[{"href":"http:\/\/fup.gov.ba\/index.php?rest_route=\/wp\/v2\/posts\/29207"}],"collection":[{"href":"http:\/\/fup.gov.ba\/index.php?rest_route=\/wp\/v2\/posts"}],"about":[{"href":"http:\/\/fup.gov.ba\/index.php?rest_route=\/wp\/v2\/types\/post"}],"author":[{"embeddable":true,"href":"http:\/\/fup.gov.ba\/index.php?rest_route=\/wp\/v2\/users\/5"}],"replies":[{"embeddable":true,"href":"http:\/\/fup.gov.ba\/index.php?rest_route=%2Fwp%2Fv2%2Fcomments&post=29207"}],"version-history":[{"count":1,"href":"http:\/\/fup.gov.ba\/index.php?rest_route=\/wp\/v2\/posts\/29207\/revisions"}],"predecessor-version":[{"id":29208,"href":"http:\/\/fup.gov.ba\/index.php?rest_route=\/wp\/v2\/posts\/29207\/revisions\/29208"}],"wp:attachment":[{"href":"http:\/\/fup.gov.ba\/index.php?rest_route=%2Fwp%2Fv2%2Fmedia&parent=29207"}],"wp:term":[{"taxonomy":"category","embeddable":true,"href":"http:\/\/fup.gov.ba\/index.php?rest_route=%2Fwp%2Fv2%2Fcategories&post=29207"},{"taxonomy":"post_tag","embeddable":true,"href":"http:\/\/fup.gov.ba\/index.php?rest_route=%2Fwp%2Fv2%2Ftags&post=29207"}],"curies":[{"name":"wp","href":"https:\/\/api.w.org\/{rel}","templated":true}]}}