{"id":29213,"date":"2022-08-24T11:16:04","date_gmt":"2022-08-24T09:16:04","guid":{"rendered":"http:\/\/fup.gov.ba\/?p=29213"},"modified":"2022-08-24T11:17:52","modified_gmt":"2022-08-24T09:17:52","slug":"u-operativnoj-akciji-konak-jedno-lice-iz-konjica-liseno-slobode-zbog-sumnje-u-izvrsenje-krivicnog-djela-neovlastena-proizvodnja-i-stavljanje-u-promet-opojnih-droga","status":"publish","type":"post","link":"http:\/\/fup.gov.ba\/?p=29213","title":{"rendered":"U operativnoj akciji \u201eKonak\u201c jedno lice iz Konjica li\u0161eno slobode zbog sumnje u izvr\u0161enje krivi\u010dnog djela \u201eNeovla\u0161tena proizvodnja i stavljanje u promet opojnih droga\u201c"},"content":{"rendered":"\t\t<div data-elementor-type=\"wp-post\" data-elementor-id=\"29213\" class=\"elementor elementor-29213\" data-elementor-settings=\"[]\">\n\t\t\t\t\t\t<div class=\"elementor-inner\">\n\t\t\t\t\t\t\t<div class=\"elementor-section-wrap\">\n\t\t\t\t\t\t\t<section class=\"has_eae_slider elementor-section elementor-top-section elementor-element elementor-element-18edeb50 elementor-section-boxed elementor-section-height-default elementor-section-height-default\" data-id=\"18edeb50\" data-element_type=\"section\">\n\t\t\t\t\t\t<div class=\"elementor-container elementor-column-gap-default\">\n\t\t\t\t\t\t\t<div class=\"elementor-row\">\n\t\t\t\t\t<div class=\"has_eae_slider elementor-column elementor-col-100 elementor-top-column elementor-element elementor-element-7f78ae7e\" data-id=\"7f78ae7e\" data-element_type=\"column\">\n\t\t\t<div class=\"elementor-column-wrap elementor-element-populated\">\n\t\t\t\t\t\t\t<div class=\"elementor-widget-wrap\">\n\t\t\t\t\t\t<div class=\"elementor-element elementor-element-50ffeb7f elementor-widget elementor-widget-text-editor\" data-id=\"50ffeb7f\" data-element_type=\"widget\" data-widget_type=\"text-editor.default\">\n\t\t\t\t<div class=\"elementor-widget-container\">\n\t\t\t\t\t\t\t\t<div class=\"elementor-text-editor elementor-clearfix\">\n\t\t\t\t<p style=\"text-align: justify;\">Dana, 23.08.2022. godine, policijski slu\u017ebenici Federalne uprave policije su pod nadzorom Kantonalnog tu\u017eila\u0161tva Hercegova\u010dko-neretvanskog kantona \u2013 Podru\u010dnog tu\u017eila\u0161tva Konjic, poduzimaju\u0107i mjere i radnje iz svoje nadle\u017enosti li\u0161ili slobode lice inicijala A.K. (1991.) sa podru\u010dja op\u0107ine Konjic koje se sumnji\u010di za izvr\u0161enje krivi\u010dnih djela \u201eNeovla\u0161tena proizvodnja i stavljanje u promet opojnih droga\u201c iz \u010dlana 238. stav 1. Krivi\u010dnog Zakona Federacije Bosne i Hercegovine i krivi\u010dnog djela \u201eNeovla\u0161teno nabavljanje, dr\u017eanje ili prodaja oru\u017eja ili bitnih djelova za oru\u017eje\u201c iz \u010dlana 65. Zakona o oru\u017eju i municiji u Hercegova\u010dko-neretvanskom kantonu.<\/p>\r\n<p style=\"text-align: justify;\">U sklopu navedenih aktivnosti, a po Naredbi Op\u0107inskog suda u Konjicu izvr\u0161en je pretres pokretne i nepokretne imovine koju koristi osumnji\u010deno lice u \u010dijem dvori\u0161tu je prona\u0111eno 14 stabljika zasada NN biljke koja asocira na opojnu drogu \u201eCannabis\u201c, pi\u0161tolj sa tri metka, odre\u0111ena koli\u010dina zeljaste materija zelene boje, NN sjemenke koje asociraju na sjemenke biljke \u201eCannabis\u201c, vaga za precizno mjerenje, mobilni telefon, te drugi predmeti koji poti\u010du ili se dovode u vezu sa krivi\u010dnim djelima.<\/p>\r\n<p style=\"text-align: justify;\">Lice li\u0161eno slobode je kriminalisti\u010dki obra\u0111eno, te \u0107e protiv istog u zakonskom roku biti podnesen Izvje\u0161taj o po\u010dinjenim krivi\u010dnim djelima nadle\u017enom Tu\u017eila\u0161tvu. Asistenciju Federalnoj upravi policije prilikom realizacije akcije pru\u017eilo je Ministarstvo unutra\u0161njih poslova Hercegova\u010dko-neretvanskog kantona, Policijska uprava Konjic.<\/p>\t\t\t\t\t<\/div>\n\t\t\t\t\t\t<\/div>\n\t\t\t\t<\/div>\n\t\t\t\t\t\t<\/div>\n\t\t\t\t\t<\/div>\n\t\t<\/div>\n\t\t\t\t\t\t\t\t<\/div>\n\t\t\t\t\t<\/div>\n\t\t<\/section>\n\t\t\t\t<section class=\"has_eae_slider elementor-section elementor-top-section elementor-element elementor-element-eeebd46 elementor-section-boxed elementor-section-height-default elementor-section-height-default\" data-id=\"eeebd46\" data-element_type=\"section\">\n\t\t\t\t\t\t<div class=\"elementor-container elementor-column-gap-default\">\n\t\t\t\t\t\t\t<div class=\"elementor-row\">\n\t\t\t\t\t<div class=\"has_eae_slider elementor-column elementor-col-100 elementor-top-column elementor-element elementor-element-0759611\" data-id=\"0759611\" data-element_type=\"column\">\n\t\t\t<div class=\"elementor-column-wrap elementor-element-populated\">\n\t\t\t\t\t\t\t<div class=\"elementor-widget-wrap\">\n\t\t\t\t\t\t<div class=\"elementor-element elementor-element-ef486e5 elementor-widget elementor-widget-image-gallery\" data-id=\"ef486e5\" data-element_type=\"widget\" data-widget_type=\"image-gallery.default\">\n\t\t\t\t<div class=\"elementor-widget-container\">\n\t\t\t\t\t<div class=\"elementor-image-gallery\">\n\t\t\t<div id='gallery-1' class='gallery galleryid-29213 gallery-columns-1 gallery-size-large'><figure class='gallery-item'>\n\t\t\t<div class='gallery-icon portrait'>\n\t\t\t\t<a data-elementor-open-lightbox=\"yes\" data-elementor-lightbox-slideshow=\"ef486e5\" href='http:\/\/fup.gov.ba\/wp-content\/uploads\/2022\/08\/24.8.2022_1.jpg'><img width=\"600\" height=\"900\" src=\"http:\/\/fup.gov.ba\/wp-content\/uploads\/2022\/08\/24.8.2022_1.jpg\" class=\"attachment-large size-large\" alt=\"\" loading=\"lazy\" srcset=\"http:\/\/fup.gov.ba\/wp-content\/uploads\/2022\/08\/24.8.2022_1.jpg 600w, http:\/\/fup.gov.ba\/wp-content\/uploads\/2022\/08\/24.8.2022_1-200x300.jpg 200w, http:\/\/fup.gov.ba\/wp-content\/uploads\/2022\/08\/24.8.2022_1-350x525.jpg 350w\" sizes=\"(max-width: 600px) 100vw, 600px\" \/><\/a>\n\t\t\t<\/div><\/figure><figure class='gallery-item'>\n\t\t\t<div class='gallery-icon portrait'>\n\t\t\t\t<a data-elementor-open-lightbox=\"yes\" data-elementor-lightbox-slideshow=\"ef486e5\" href='http:\/\/fup.gov.ba\/wp-content\/uploads\/2022\/08\/24.8.2022_4.jpg'><img width=\"600\" height=\"901\" src=\"http:\/\/fup.gov.ba\/wp-content\/uploads\/2022\/08\/24.8.2022_4.jpg\" class=\"attachment-large size-large\" alt=\"\" loading=\"lazy\" srcset=\"http:\/\/fup.gov.ba\/wp-content\/uploads\/2022\/08\/24.8.2022_4.jpg 600w, http:\/\/fup.gov.ba\/wp-content\/uploads\/2022\/08\/24.8.2022_4-200x300.jpg 200w, http:\/\/fup.gov.ba\/wp-content\/uploads\/2022\/08\/24.8.2022_4-350x526.jpg 350w\" sizes=\"(max-width: 600px) 100vw, 600px\" \/><\/a>\n\t\t\t<\/div><\/figure><figure class='gallery-item'>\n\t\t\t<div class='gallery-icon portrait'>\n\t\t\t\t<a data-elementor-open-lightbox=\"yes\" data-elementor-lightbox-slideshow=\"ef486e5\" href='http:\/\/fup.gov.ba\/wp-content\/uploads\/2022\/08\/24.8.2022_5.jpg'><img width=\"600\" height=\"900\" src=\"http:\/\/fup.gov.ba\/wp-content\/uploads\/2022\/08\/24.8.2022_5.jpg\" class=\"attachment-large size-large\" alt=\"\" loading=\"lazy\" srcset=\"http:\/\/fup.gov.ba\/wp-content\/uploads\/2022\/08\/24.8.2022_5.jpg 600w, http:\/\/fup.gov.ba\/wp-content\/uploads\/2022\/08\/24.8.2022_5-200x300.jpg 200w, http:\/\/fup.gov.ba\/wp-content\/uploads\/2022\/08\/24.8.2022_5-350x525.jpg 350w\" sizes=\"(max-width: 600px) 100vw, 600px\" \/><\/a>\n\t\t\t<\/div><\/figure><figure class='gallery-item'>\n\t\t\t<div class='gallery-icon portrait'>\n\t\t\t\t<a data-elementor-open-lightbox=\"yes\" data-elementor-lightbox-slideshow=\"ef486e5\" href='http:\/\/fup.gov.ba\/wp-content\/uploads\/2022\/08\/24.8.2022_2.jpg'><img width=\"600\" height=\"900\" src=\"http:\/\/fup.gov.ba\/wp-content\/uploads\/2022\/08\/24.8.2022_2.jpg\" class=\"attachment-large size-large\" alt=\"\" loading=\"lazy\" srcset=\"http:\/\/fup.gov.ba\/wp-content\/uploads\/2022\/08\/24.8.2022_2.jpg 600w, http:\/\/fup.gov.ba\/wp-content\/uploads\/2022\/08\/24.8.2022_2-200x300.jpg 200w, http:\/\/fup.gov.ba\/wp-content\/uploads\/2022\/08\/24.8.2022_2-350x525.jpg 350w\" sizes=\"(max-width: 600px) 100vw, 600px\" \/><\/a>\n\t\t\t<\/div><\/figure><figure class='gallery-item'>\n\t\t\t<div class='gallery-icon portrait'>\n\t\t\t\t<a data-elementor-open-lightbox=\"yes\" data-elementor-lightbox-slideshow=\"ef486e5\" href='http:\/\/fup.gov.ba\/wp-content\/uploads\/2022\/08\/24.8.2022_3.jpg'><img width=\"600\" height=\"900\" src=\"http:\/\/fup.gov.ba\/wp-content\/uploads\/2022\/08\/24.8.2022_3.jpg\" class=\"attachment-large size-large\" alt=\"\" loading=\"lazy\" srcset=\"http:\/\/fup.gov.ba\/wp-content\/uploads\/2022\/08\/24.8.2022_3.jpg 600w, http:\/\/fup.gov.ba\/wp-content\/uploads\/2022\/08\/24.8.2022_3-200x300.jpg 200w, http:\/\/fup.gov.ba\/wp-content\/uploads\/2022\/08\/24.8.2022_3-350x525.jpg 350w\" sizes=\"(max-width: 600px) 100vw, 600px\" \/><\/a>\n\t\t\t<\/div><\/figure>\n\t\t<\/div>\n\t\t<\/div>\n\t\t\t\t<\/div>\n\t\t\t\t<\/div>\n\t\t\t\t\t\t<\/div>\n\t\t\t\t\t<\/div>\n\t\t<\/div>\n\t\t\t\t\t\t\t\t<\/div>\n\t\t\t\t\t<\/div>\n\t\t<\/section>\n\t\t\t\t\t\t<\/div>\n\t\t\t\t\t\t<\/div>\n\t\t\t\t\t<\/div>\n\t\t","protected":false},"excerpt":{"rendered":"<p>Dana, 23.08.2022. godine, policijski slu\u017ebenici Federalne uprave policije su pod nadzorom Kantonalnog tu\u017eila\u0161tva Hercegova\u010dko-neretvanskog kantona \u2013 Podru\u010dnog tu\u017eila\u0161tva Konjic, poduzimaju\u0107i mjere i radnje iz svoje nadle\u017enosti li\u0161ili slobode lice inicijala A.K. (1991.) sa podru\u010dja op\u0107ine Konjic koje se sumnji\u010di za izvr\u0161enje krivi\u010dnih djela \u201eNeovla\u0161tena proizvodnja i stavljanje u promet opojnih droga\u201c i \u201eNeovla\u0161teno nabavljanje, dr\u017eanje ili prodaja oru\u017eja ili bitnih djelova za oru\u017eje\u201c&#8230;<\/p>\n","protected":false},"author":5,"featured_media":29215,"comment_status":"closed","ping_status":"closed","sticky":false,"template":"","format":"standard","meta":{"spay_email":""},"categories":[81,6],"tags":[],"jetpack_featured_media_url":"http:\/\/fup.gov.ba\/wp-content\/uploads\/2022\/08\/24.8.2022_0.jpg","_links":{"self":[{"href":"http:\/\/fup.gov.ba\/index.php?rest_route=\/wp\/v2\/posts\/29213"}],"collection":[{"href":"http:\/\/fup.gov.ba\/index.php?rest_route=\/wp\/v2\/posts"}],"about":[{"href":"http:\/\/fup.gov.ba\/index.php?rest_route=\/wp\/v2\/types\/post"}],"author":[{"embeddable":true,"href":"http:\/\/fup.gov.ba\/index.php?rest_route=\/wp\/v2\/users\/5"}],"replies":[{"embeddable":true,"href":"http:\/\/fup.gov.ba\/index.php?rest_route=%2Fwp%2Fv2%2Fcomments&post=29213"}],"version-history":[{"count":5,"href":"http:\/\/fup.gov.ba\/index.php?rest_route=\/wp\/v2\/posts\/29213\/revisions"}],"predecessor-version":[{"id":29224,"href":"http:\/\/fup.gov.ba\/index.php?rest_route=\/wp\/v2\/posts\/29213\/revisions\/29224"}],"wp:featuredmedia":[{"embeddable":true,"href":"http:\/\/fup.gov.ba\/index.php?rest_route=\/wp\/v2\/media\/29215"}],"wp:attachment":[{"href":"http:\/\/fup.gov.ba\/index.php?rest_route=%2Fwp%2Fv2%2Fmedia&parent=29213"}],"wp:term":[{"taxonomy":"category","embeddable":true,"href":"http:\/\/fup.gov.ba\/index.php?rest_route=%2Fwp%2Fv2%2Fcategories&post=29213"},{"taxonomy":"post_tag","embeddable":true,"href":"http:\/\/fup.gov.ba\/index.php?rest_route=%2Fwp%2Fv2%2Ftags&post=29213"}],"curies":[{"name":"wp","href":"https:\/\/api.w.org\/{rel}","templated":true}]}}