{"id":29253,"date":"2022-09-01T08:32:05","date_gmt":"2022-09-01T06:32:05","guid":{"rendered":"http:\/\/fup.gov.ba\/?p=29253"},"modified":"2022-09-01T08:32:05","modified_gmt":"2022-09-01T06:32:05","slug":"bilten-za-dan-31-08-01-09-2022-godine","status":"publish","type":"post","link":"http:\/\/fup.gov.ba\/?p=29253","title":{"rendered":"Bilten za\u00a0dan 31.08.\/01.09.2022. godine"},"content":{"rendered":"<p style=\"text-align: justify;\">Na osnovu izvje\u0161taja operativnih centara kantonalnih ministarstava unutarnjih poslova i Federalne uprave policije, tokom navedenog perioda na podru\u010dju Federacije BiH registrovano je:<!--more--><\/p>\n<p style=\"text-align: justify;\"><strong>38 krivi\u010dnih djela<\/strong> i to:<\/p>\n<ul style=\"text-align: justify;\">\n<li>dva razbojni\u0161tva;<\/li>\n<li>\u010detiri te\u0161ke kra\u0111e (jedno motorno vozilo);<\/li>\n<li>\u010detiri kra\u0111e;<\/li>\n<li>\u010detiri nasilja u porodici;<\/li>\n<li>24 ostala krivi\u010dna djela;<\/li>\n<\/ul>\n<p style=\"text-align: justify;\"><strong>31 naru\u0161avanje javnog reda i mira<\/strong> u kojima je jedno lice zadobilo lak\u0161e tjelesne povrede.<\/p>\n<p style=\"text-align: justify;\"><strong>54 saobra\u0107ajne nezgode<\/strong>, u kojima su tri lica zadobila te\u0161ke, a 17 lica \u00a0\u00a0lak\u0161e tjelesne povrede, dok za pet lica nije utvr\u0111en stepen tjelesne povrede.<\/p>\n<p style=\"text-align: justify;\"><strong>21 lice je li\u0161eno slobode, a 15 lica je zadr\u017eano.<\/strong><\/p>\n","protected":false},"excerpt":{"rendered":"<p>Na osnovu izvje\u0161taja operativnih centara kantonalnih ministarstava unutarnjih poslova i Federalne uprave policije, tokom navedenog perioda na podru\u010dju Federacije BiH registrovano je:<\/p>\n","protected":false},"author":5,"featured_media":0,"comment_status":"closed","ping_status":"closed","sticky":false,"template":"","format":"standard","meta":{"spay_email":""},"categories":[81,5],"tags":[],"jetpack_featured_media_url":"","_links":{"self":[{"href":"http:\/\/fup.gov.ba\/index.php?rest_route=\/wp\/v2\/posts\/29253"}],"collection":[{"href":"http:\/\/fup.gov.ba\/index.php?rest_route=\/wp\/v2\/posts"}],"about":[{"href":"http:\/\/fup.gov.ba\/index.php?rest_route=\/wp\/v2\/types\/post"}],"author":[{"embeddable":true,"href":"http:\/\/fup.gov.ba\/index.php?rest_route=\/wp\/v2\/users\/5"}],"replies":[{"embeddable":true,"href":"http:\/\/fup.gov.ba\/index.php?rest_route=%2Fwp%2Fv2%2Fcomments&post=29253"}],"version-history":[{"count":1,"href":"http:\/\/fup.gov.ba\/index.php?rest_route=\/wp\/v2\/posts\/29253\/revisions"}],"predecessor-version":[{"id":29254,"href":"http:\/\/fup.gov.ba\/index.php?rest_route=\/wp\/v2\/posts\/29253\/revisions\/29254"}],"wp:attachment":[{"href":"http:\/\/fup.gov.ba\/index.php?rest_route=%2Fwp%2Fv2%2Fmedia&parent=29253"}],"wp:term":[{"taxonomy":"category","embeddable":true,"href":"http:\/\/fup.gov.ba\/index.php?rest_route=%2Fwp%2Fv2%2Fcategories&post=29253"},{"taxonomy":"post_tag","embeddable":true,"href":"http:\/\/fup.gov.ba\/index.php?rest_route=%2Fwp%2Fv2%2Ftags&post=29253"}],"curies":[{"name":"wp","href":"https:\/\/api.w.org\/{rel}","templated":true}]}}