{"id":30502,"date":"2022-11-25T07:41:03","date_gmt":"2022-11-25T06:41:03","guid":{"rendered":"http:\/\/fup.gov.ba\/?p=30502"},"modified":"2022-11-28T07:43:02","modified_gmt":"2022-11-28T06:43:02","slug":"bilten-za-dan-24-25-11-2022-godine","status":"publish","type":"post","link":"http:\/\/fup.gov.ba\/?p=30502","title":{"rendered":"Bilten za dan 24\/25.11.2022. godine"},"content":{"rendered":"<p style=\"text-align: justify;\">Na osnovu izvje\u0161taja operativnih centara kantonalnih ministarstava unutarnjih poslova i Federalne uprave policije, tokom navedenog perioda na podru\u010dju Federacije BiH registrovano je:<!--more--><\/p>\n<p style=\"text-align: justify;\"><strong>35 krivi\u010dnih djela<\/strong> i to:<\/p>\n<ul style=\"text-align: justify;\">\n<li>jedno razbojni\u0161tvo;<\/li>\n<li>sedam te\u0161kih kra\u0111a (jedno motorno vozilo);<\/li>\n<li>dvije kra\u0111e;<\/li>\n<li>tri nasilja u porodici;<\/li>\n<li>jedno izazivanje op\u0107e opasnosti;<\/li>\n<li>jedno o\u0161te\u0107enje tu\u0111e stvari;<\/li>\n<li>20 ostalih krivi\u010dnih djela;<\/li>\n<\/ul>\n<p style=\"text-align: justify;\"><strong>27 naru\u0161avanja javnog reda i mira.<\/strong><\/p>\n<p style=\"text-align: justify;\"><strong>47 saobra\u0107ajnih nezgoda<\/strong> u kojima je jedno lice zadobilo te\u0161ke, a \u0161est lica lak\u0161e tjelesne povrede, dok za dva lica nije utvr\u0111en stepen tjelesnih povreda.<\/p>\n<p style=\"text-align: justify;\"><strong>14 lica je li\u0161eno slobode,<\/strong> a 15 lica je zadr\u017eano.<\/p>\n","protected":false},"excerpt":{"rendered":"<p>Na osnovu izvje\u0161taja operativnih centara kantonalnih ministarstava unutarnjih poslova i Federalne uprave policije, tokom navedenog perioda na podru\u010dju Federacije BiH registrovano je:<\/p>\n","protected":false},"author":6,"featured_media":0,"comment_status":"closed","ping_status":"closed","sticky":false,"template":"","format":"standard","meta":{"spay_email":""},"categories":[81,5],"tags":[],"jetpack_featured_media_url":"","_links":{"self":[{"href":"http:\/\/fup.gov.ba\/index.php?rest_route=\/wp\/v2\/posts\/30502"}],"collection":[{"href":"http:\/\/fup.gov.ba\/index.php?rest_route=\/wp\/v2\/posts"}],"about":[{"href":"http:\/\/fup.gov.ba\/index.php?rest_route=\/wp\/v2\/types\/post"}],"author":[{"embeddable":true,"href":"http:\/\/fup.gov.ba\/index.php?rest_route=\/wp\/v2\/users\/6"}],"replies":[{"embeddable":true,"href":"http:\/\/fup.gov.ba\/index.php?rest_route=%2Fwp%2Fv2%2Fcomments&post=30502"}],"version-history":[{"count":1,"href":"http:\/\/fup.gov.ba\/index.php?rest_route=\/wp\/v2\/posts\/30502\/revisions"}],"predecessor-version":[{"id":30503,"href":"http:\/\/fup.gov.ba\/index.php?rest_route=\/wp\/v2\/posts\/30502\/revisions\/30503"}],"wp:attachment":[{"href":"http:\/\/fup.gov.ba\/index.php?rest_route=%2Fwp%2Fv2%2Fmedia&parent=30502"}],"wp:term":[{"taxonomy":"category","embeddable":true,"href":"http:\/\/fup.gov.ba\/index.php?rest_route=%2Fwp%2Fv2%2Fcategories&post=30502"},{"taxonomy":"post_tag","embeddable":true,"href":"http:\/\/fup.gov.ba\/index.php?rest_route=%2Fwp%2Fv2%2Ftags&post=30502"}],"curies":[{"name":"wp","href":"https:\/\/api.w.org\/{rel}","templated":true}]}}