{"id":30504,"date":"2022-11-26T07:33:42","date_gmt":"2022-11-26T06:33:42","guid":{"rendered":"http:\/\/fup.gov.ba\/?p=30504"},"modified":"2022-11-28T07:45:15","modified_gmt":"2022-11-28T06:45:15","slug":"bilten-za-dan-25-26-11-2022-godine","status":"publish","type":"post","link":"http:\/\/fup.gov.ba\/?p=30504","title":{"rendered":"Bilten za dan 25\/26.11.2022. godine"},"content":{"rendered":"<p style=\"text-align: justify;\">Na osnovu izvje\u0161taja operativnih centara kantonalnih ministarstava unutarnjih poslova i Federalne uprave policije, tokom navedenog perioda na podru\u010dju Federacije BiH registrovano je:<!--more--><\/p>\n<p style=\"text-align: justify;\"><strong>33 krivi\u010dna djela<\/strong> i to:<\/p>\n<ul style=\"text-align: justify;\">\n<li>devet te\u0161kih kra\u0111a;<\/li>\n<li>\u010detiri nasilja u porodici;<\/li>\n<li>jedno o\u0161te\u0107enje tu\u0111e stvari;<\/li>\n<li>jedno izazivanje op\u0161te opasnosti;<\/li>\n<li>pet posjedovanja i omogu\u0107avanja u\u017eivanja opojnih droga;<\/li>\n<li>dvije kra\u0111e;<\/li>\n<li>11 ostalih krivi\u010dnih djela;<\/li>\n<\/ul>\n<p style=\"text-align: justify;\"><strong>24 naru\u0161avanja javnog reda i mira.<\/strong><\/p>\n<p style=\"text-align: justify;\"><strong>29 saobra\u0107ajnih nezgoda<\/strong> u kojima su \u010detiri lica zadobila lak\u0161e tjelesne povrede.<\/p>\n<p style=\"text-align: justify;\"><strong>23 lica su li\u0161ena slobode,<\/strong> 21 lice je zadr\u017eano.<\/p>\n","protected":false},"excerpt":{"rendered":"<p>Na osnovu izvje\u0161taja operativnih centara kantonalnih ministarstava unutarnjih poslova i Federalne uprave policije, tokom navedenog perioda na podru\u010dju Federacije BiH registrovano je:<\/p>\n","protected":false},"author":6,"featured_media":0,"comment_status":"closed","ping_status":"closed","sticky":false,"template":"","format":"standard","meta":{"spay_email":""},"categories":[81,5],"tags":[],"jetpack_featured_media_url":"","_links":{"self":[{"href":"http:\/\/fup.gov.ba\/index.php?rest_route=\/wp\/v2\/posts\/30504"}],"collection":[{"href":"http:\/\/fup.gov.ba\/index.php?rest_route=\/wp\/v2\/posts"}],"about":[{"href":"http:\/\/fup.gov.ba\/index.php?rest_route=\/wp\/v2\/types\/post"}],"author":[{"embeddable":true,"href":"http:\/\/fup.gov.ba\/index.php?rest_route=\/wp\/v2\/users\/6"}],"replies":[{"embeddable":true,"href":"http:\/\/fup.gov.ba\/index.php?rest_route=%2Fwp%2Fv2%2Fcomments&post=30504"}],"version-history":[{"count":1,"href":"http:\/\/fup.gov.ba\/index.php?rest_route=\/wp\/v2\/posts\/30504\/revisions"}],"predecessor-version":[{"id":30505,"href":"http:\/\/fup.gov.ba\/index.php?rest_route=\/wp\/v2\/posts\/30504\/revisions\/30505"}],"wp:attachment":[{"href":"http:\/\/fup.gov.ba\/index.php?rest_route=%2Fwp%2Fv2%2Fmedia&parent=30504"}],"wp:term":[{"taxonomy":"category","embeddable":true,"href":"http:\/\/fup.gov.ba\/index.php?rest_route=%2Fwp%2Fv2%2Fcategories&post=30504"},{"taxonomy":"post_tag","embeddable":true,"href":"http:\/\/fup.gov.ba\/index.php?rest_route=%2Fwp%2Fv2%2Ftags&post=30504"}],"curies":[{"name":"wp","href":"https:\/\/api.w.org\/{rel}","templated":true}]}}