{"id":30506,"date":"2022-11-27T07:28:42","date_gmt":"2022-11-27T06:28:42","guid":{"rendered":"http:\/\/fup.gov.ba\/?p=30506"},"modified":"2022-11-28T07:48:10","modified_gmt":"2022-11-28T06:48:10","slug":"bilten-za-dan-26-27-11-2022-godine","status":"publish","type":"post","link":"http:\/\/fup.gov.ba\/?p=30506","title":{"rendered":"Bilten za dan 26\/27.11.2022. godine"},"content":{"rendered":"<p style=\"text-align: justify;\">Na osnovu izvje\u0161taja operativnih centara kantonalnih ministarstava unutarnjih poslova i Federalne uprave policije, tokom navedenog perioda na podru\u010dju Federacije BiH registrovano je:<!--more--><\/p>\n<p style=\"text-align: justify;\"><strong>37 krivi\u010dnih djela i to:<\/strong><\/p>\n<ul style=\"text-align: justify;\">\n<li>sedam te\u0161kih kra\u0111a (dva putni\u010dka motorna vozila);<\/li>\n<li>tri kra\u0111e;<\/li>\n<li>\u010detiri nasilja u porodici;<\/li>\n<li>dva o\u0161te\u0107enja tu\u0111e stvari;<\/li>\n<li>21 ostalo krivi\u010dno djelo;<\/li>\n<\/ul>\n<p style=\"text-align: justify;\"><strong>32 naru\u0161avanja javnog reda i mira.<\/strong><\/p>\n<p style=\"text-align: justify;\"><strong>33 saobra\u0107ajne nezgoda<\/strong> u kojima je jedno lice zadobilo te\u0161ke, a sedam lica lak\u0161e tjelesne povrede.<\/p>\n<p style=\"text-align: justify;\"><strong>34 lica je li\u0161eno slobode,<\/strong> a 24 lica su zadr\u017eana.<\/p>\n","protected":false},"excerpt":{"rendered":"<p>Na osnovu izvje\u0161taja operativnih centara kantonalnih ministarstava unutarnjih poslova i Federalne uprave policije, tokom navedenog perioda na podru\u010dju Federacije BiH registrovano je:<\/p>\n","protected":false},"author":6,"featured_media":0,"comment_status":"closed","ping_status":"closed","sticky":false,"template":"","format":"standard","meta":{"spay_email":""},"categories":[81,5],"tags":[],"jetpack_featured_media_url":"","_links":{"self":[{"href":"http:\/\/fup.gov.ba\/index.php?rest_route=\/wp\/v2\/posts\/30506"}],"collection":[{"href":"http:\/\/fup.gov.ba\/index.php?rest_route=\/wp\/v2\/posts"}],"about":[{"href":"http:\/\/fup.gov.ba\/index.php?rest_route=\/wp\/v2\/types\/post"}],"author":[{"embeddable":true,"href":"http:\/\/fup.gov.ba\/index.php?rest_route=\/wp\/v2\/users\/6"}],"replies":[{"embeddable":true,"href":"http:\/\/fup.gov.ba\/index.php?rest_route=%2Fwp%2Fv2%2Fcomments&post=30506"}],"version-history":[{"count":1,"href":"http:\/\/fup.gov.ba\/index.php?rest_route=\/wp\/v2\/posts\/30506\/revisions"}],"predecessor-version":[{"id":30507,"href":"http:\/\/fup.gov.ba\/index.php?rest_route=\/wp\/v2\/posts\/30506\/revisions\/30507"}],"wp:attachment":[{"href":"http:\/\/fup.gov.ba\/index.php?rest_route=%2Fwp%2Fv2%2Fmedia&parent=30506"}],"wp:term":[{"taxonomy":"category","embeddable":true,"href":"http:\/\/fup.gov.ba\/index.php?rest_route=%2Fwp%2Fv2%2Fcategories&post=30506"},{"taxonomy":"post_tag","embeddable":true,"href":"http:\/\/fup.gov.ba\/index.php?rest_route=%2Fwp%2Fv2%2Ftags&post=30506"}],"curies":[{"name":"wp","href":"https:\/\/api.w.org\/{rel}","templated":true}]}}