{"id":30508,"date":"2022-11-28T07:55:03","date_gmt":"2022-11-28T06:55:03","guid":{"rendered":"http:\/\/fup.gov.ba\/?p=30508"},"modified":"2022-11-28T08:30:08","modified_gmt":"2022-11-28T07:30:08","slug":"bilten-za-dan-27-28-11-2022-godine","status":"publish","type":"post","link":"http:\/\/fup.gov.ba\/?p=30508","title":{"rendered":"Bilten za dan 27\/28.11.2022. godine"},"content":{"rendered":"<p style=\"text-align: justify;\">Na osnovu izvje\u0161taja operativnih centara kantonalnih ministarstava unutarnjih poslova i Federalne uprave policije, tokom navedenog perioda na podru\u010dju Federacije BiH registrovano je:<!--more--><\/p>\n<p style=\"text-align: justify;\"><strong>34 krivi\u010dna djela<\/strong> i to:<\/p>\n<ul style=\"text-align: justify;\">\n<li>tri razbojni\u0161tva;<\/li>\n<li>jedno ubistvo u poku\u0161aju;<\/li>\n<li>osam te\u0161kih kra\u0111a (jedno motorno vozilo);<\/li>\n<li>\u0161est nasilja u porodici;<\/li>\n<li>dva o\u0161te\u0107enja tu\u0111e stvari;<\/li>\n<li>dva izazivanja op\u0107e opasnosti;<\/li>\n<li>jedno posjedovanje opojne droge;<\/li>\n<li>11 ostalih krivi\u010dnih djela;<\/li>\n<\/ul>\n<p style=\"text-align: justify;\"><strong>29 naru\u0161avanja javnog reda i mira<\/strong> u kojima je pet lica zadobio lak\u0161e tjelesne povrede.<\/p>\n<p style=\"text-align: justify;\"><strong>25 saobra\u0107ajnih nezgoda<\/strong> u kojima su dva lica smrtno stradala, \u0161est lica zadobilo te\u0161ke, a 12 lica lak\u0161e tjelesne povrede.<\/p>\n<p style=\"text-align: justify;\"><strong>23 lica su li\u0161ena slobode,<\/strong> a 23 lica su zadr\u017eana.<\/p>\n","protected":false},"excerpt":{"rendered":"<p>Na osnovu izvje\u0161taja operativnih centara kantonalnih ministarstava unutarnjih poslova i Federalne uprave policije, tokom navedenog perioda na podru\u010dju Federacije BiH registrovano je:<\/p>\n","protected":false},"author":6,"featured_media":0,"comment_status":"closed","ping_status":"closed","sticky":false,"template":"","format":"standard","meta":{"spay_email":""},"categories":[81,5],"tags":[],"jetpack_featured_media_url":"","_links":{"self":[{"href":"http:\/\/fup.gov.ba\/index.php?rest_route=\/wp\/v2\/posts\/30508"}],"collection":[{"href":"http:\/\/fup.gov.ba\/index.php?rest_route=\/wp\/v2\/posts"}],"about":[{"href":"http:\/\/fup.gov.ba\/index.php?rest_route=\/wp\/v2\/types\/post"}],"author":[{"embeddable":true,"href":"http:\/\/fup.gov.ba\/index.php?rest_route=\/wp\/v2\/users\/6"}],"replies":[{"embeddable":true,"href":"http:\/\/fup.gov.ba\/index.php?rest_route=%2Fwp%2Fv2%2Fcomments&post=30508"}],"version-history":[{"count":2,"href":"http:\/\/fup.gov.ba\/index.php?rest_route=\/wp\/v2\/posts\/30508\/revisions"}],"predecessor-version":[{"id":30511,"href":"http:\/\/fup.gov.ba\/index.php?rest_route=\/wp\/v2\/posts\/30508\/revisions\/30511"}],"wp:attachment":[{"href":"http:\/\/fup.gov.ba\/index.php?rest_route=%2Fwp%2Fv2%2Fmedia&parent=30508"}],"wp:term":[{"taxonomy":"category","embeddable":true,"href":"http:\/\/fup.gov.ba\/index.php?rest_route=%2Fwp%2Fv2%2Fcategories&post=30508"},{"taxonomy":"post_tag","embeddable":true,"href":"http:\/\/fup.gov.ba\/index.php?rest_route=%2Fwp%2Fv2%2Ftags&post=30508"}],"curies":[{"name":"wp","href":"https:\/\/api.w.org\/{rel}","templated":true}]}}