{"id":41631,"date":"2025-08-17T15:36:10","date_gmt":"2025-08-17T13:36:10","guid":{"rendered":"http:\/\/fup.gov.ba\/?p=41631"},"modified":"2025-08-18T15:37:00","modified_gmt":"2025-08-18T13:37:00","slug":"bilten-za-dan-16-17-08-2025-godine","status":"publish","type":"post","link":"http:\/\/fup.gov.ba\/?p=41631","title":{"rendered":"Bilten za dan 16\/17.08.2025. godine"},"content":{"rendered":"<p style=\"text-align: justify;\">Na osnovu izvje\u0161taja operativnih centara kantonalnih ministarstava unutarnjih poslova i Federalne uprave policije, tokom navedenog perioda na podru\u010dju Federacije BiH registrovano je:<!--more--><\/p>\n<p style=\"text-align: justify;\"><strong>48 krivi\u010dnih djela i to:<\/strong><\/p>\n<ul style=\"text-align: justify;\">\n<li>jedno razbojni\u0161tvo;<\/li>\n<li>sedam te\u0161ke kra\u0111e;<\/li>\n<li>pet kra\u0111a;<\/li>\n<li>pet nasilje u porodici;<\/li>\n<li>jedno ugro\u017eavanje sigurnosti;<\/li>\n<li>pet o\u0161te\u0107enja tu\u0111e stvari;<\/li>\n<li>24 ostala krivi\u010dna djela;<\/li>\n<\/ul>\n<p style=\"text-align: justify;\"><strong>62 naru\u0161avanja javnog reda i mira;<\/strong><\/p>\n<p style=\"text-align: justify;\"><strong>80 saobra\u0107ajnih nezgoda<\/strong> u kojima su \u010detiri lica zadobila te\u0161ke tjelesne povrede, 23\u00a0lica zadobilo lak\u0161e tjelesne povrede, dva\u00a0lice zadobila neutvr\u0111en stepen tjelesnih povreda.<\/p>\n<p style=\"text-align: justify;\"><strong>39 lica li\u0161eno slobode<\/strong>,a 41 lice je zadr\u017eano.<\/p>\n","protected":false},"excerpt":{"rendered":"<p>Na osnovu izvje\u0161taja operativnih centara kantonalnih ministarstava unutarnjih poslova i Federalne uprave policije, tokom navedenog perioda na podru\u010dju Federacije BiH registrovano je:<\/p>\n","protected":false},"author":8,"featured_media":0,"comment_status":"closed","ping_status":"closed","sticky":false,"template":"","format":"standard","meta":{"spay_email":""},"categories":[81,5],"tags":[],"jetpack_featured_media_url":"","_links":{"self":[{"href":"http:\/\/fup.gov.ba\/index.php?rest_route=\/wp\/v2\/posts\/41631"}],"collection":[{"href":"http:\/\/fup.gov.ba\/index.php?rest_route=\/wp\/v2\/posts"}],"about":[{"href":"http:\/\/fup.gov.ba\/index.php?rest_route=\/wp\/v2\/types\/post"}],"author":[{"embeddable":true,"href":"http:\/\/fup.gov.ba\/index.php?rest_route=\/wp\/v2\/users\/8"}],"replies":[{"embeddable":true,"href":"http:\/\/fup.gov.ba\/index.php?rest_route=%2Fwp%2Fv2%2Fcomments&post=41631"}],"version-history":[{"count":1,"href":"http:\/\/fup.gov.ba\/index.php?rest_route=\/wp\/v2\/posts\/41631\/revisions"}],"predecessor-version":[{"id":41632,"href":"http:\/\/fup.gov.ba\/index.php?rest_route=\/wp\/v2\/posts\/41631\/revisions\/41632"}],"wp:attachment":[{"href":"http:\/\/fup.gov.ba\/index.php?rest_route=%2Fwp%2Fv2%2Fmedia&parent=41631"}],"wp:term":[{"taxonomy":"category","embeddable":true,"href":"http:\/\/fup.gov.ba\/index.php?rest_route=%2Fwp%2Fv2%2Fcategories&post=41631"},{"taxonomy":"post_tag","embeddable":true,"href":"http:\/\/fup.gov.ba\/index.php?rest_route=%2Fwp%2Fv2%2Ftags&post=41631"}],"curies":[{"name":"wp","href":"https:\/\/api.w.org\/{rel}","templated":true}]}}